{"id":6647,"date":"2026-08-03T08:24:13","date_gmt":"2026-08-03T11:24:13","guid":{"rendered":"https:\/\/ellotv.com.br\/site\/?p=6647"},"modified":"2026-08-03T11:46:44","modified_gmt":"2026-08-03T14:46:44","slug":"pesquisa-aponta-empate-tecnico-entre-raquel-lyra-e-joao-campos-em-pernambuco","status":"publish","type":"post","link":"https:\/\/ellotv.com.br\/site\/2026\/08\/03\/pesquisa-aponta-empate-tecnico-entre-raquel-lyra-e-joao-campos-em-pernambuco\/","title":{"rendered":"Pesquisa aponta empate t\u00e9cnico entre Raquel Lyra e Jo\u00e3o Campos em Pernambuco"},"content":{"rendered":"<p>Uma pesquisa divulgada pelo instituto RealTime Big Data indica um cen\u00e1rio de empate t\u00e9cnico na corrida pelo Governo de Pernambuco, tanto no primeiro quanto no segundo turno das elei\u00e7\u00f5es de 2026.<\/p>\n<p><strong>Cen\u00e1rio do 1\u00ba turno<\/strong><\/p>\n<p>Na pesquisa estimulada, Raquel Lyra (PSD) aparece com 44% das inten\u00e7\u00f5es de voto, enquanto Jo\u00e3o Campos (PSB) registra 42%.<\/p>\n<p>Na sequ\u00eancia, Ivan Moraes (PSOL) soma 3% e Renan Hallais (Miss\u00e3o) aparece com 1%. Guilherme Fonseca (PSTU) n\u00e3o pontuou.<\/p>\n<p>Brancos e nulos totalizam 6%, enquanto 4% dos entrevistados n\u00e3o souberam ou n\u00e3o responderam.<\/p>\n<p><strong>Simula\u00e7\u00e3o de 2\u00ba turno<\/strong><\/p>\n<p>No cen\u00e1rio projetado para o segundo turno, Raquel Lyra tem 45% das inten\u00e7\u00f5es de voto, contra 44% de Jo\u00e3o Campos, configurando novo empate t\u00e9cnico dentro da margem de erro.<\/p>\n<p><strong>Metodologia<\/strong><\/p>\n<p>O levantamento ouviu 1.600 eleitores por telefone entre os dias 27 e 30 de julho.<\/p>\n<p>A margem de erro \u00e9 de 2 pontos percentuais, para mais ou para menos, com n\u00edvel de confian\u00e7a de 95%.<\/p>\n<p><strong>Registro oficial<\/strong><\/p>\n<p>A pesquisa foi financiada com recursos pr\u00f3prios e est\u00e1 registrada no Tribunal Superior Eleitoral (TSE) sob o n\u00famero PE-08413\/2026.<\/p>\n<p><strong>Panorama eleitoral<\/strong><\/p>\n<p>Os dados refor\u00e7am o equil\u00edbrio na disputa estadual e indicam um cen\u00e1rio competitivo entre os principais candidatos.<\/p>\n","protected":false},"excerpt":{"rendered":"<p>Uma pesquisa divulgada pelo instituto RealTime Big Data indica um cen\u00e1rio de empate t\u00e9cnico na corrida pelo Governo<\/p>\n","protected":false},"author":2,"featured_media":6663,"comment_status":"open","ping_status":"open","sticky":false,"template":"","format":"standard","meta":{"footnotes":""},"categories":[8,12,9],"tags":[],"class_list":["post-6647","post","type-post","status-publish","format-standard","has-post-thumbnail","hentry","category-brasil","category-noticias","category-regional"],"yoast_head":"<!-- This site is optimized with the Yoast SEO plugin v28.3 - https:\/\/yoast.com\/product\/yoast-seo-wordpress\/ -->\n<title>Pesquisa aponta empate t\u00e9cnico entre Raquel Lyra e Jo\u00e3o Campos em Pernambuco - Ello TV<\/title>\n<meta name=\"description\" content=\"Pesquisa RealTime Big Data mostra empate t\u00e9cnico entre Raquel Lyra e Jo\u00e3o Campos na disputa pelo Governo de Pernambuco.\" \/>\n<meta name=\"robots\" content=\"index, follow, max-snippet:-1, max-image-preview:large, max-video-preview:-1\" \/>\n<link rel=\"canonical\" href=\"https:\/\/ellotv.com.br\/site\/2026\/08\/03\/pesquisa-aponta-empate-tecnico-entre-raquel-lyra-e-joao-campos-em-pernambuco\/\" \/>\n<meta property=\"og:locale\" content=\"pt_BR\" \/>\n<meta property=\"og:type\" content=\"article\" \/>\n<meta property=\"og:title\" content=\"Pesquisa aponta empate t\u00e9cnico entre Raquel Lyra e Jo\u00e3o Campos em Pernambuco - Ello TV\" \/>\n<meta property=\"og:description\" content=\"Pesquisa RealTime Big Data mostra empate t\u00e9cnico entre Raquel Lyra e Jo\u00e3o Campos na disputa pelo Governo de Pernambuco.\" \/>\n<meta property=\"og:url\" content=\"https:\/\/ellotv.com.br\/site\/2026\/08\/03\/pesquisa-aponta-empate-tecnico-entre-raquel-lyra-e-joao-campos-em-pernambuco\/\" \/>\n<meta property=\"og:site_name\" content=\"Ello TV\" \/>\n<meta property=\"article:published_time\" content=\"2026-08-03T11:24:13+00:00\" \/>\n<meta property=\"article:modified_time\" content=\"2026-08-03T14:46:44+00:00\" \/>\n<meta property=\"og:image\" content=\"https:\/\/ellotv.com.br\/site\/wp-content\/uploads\/2026\/08\/WhatsApp-Image-2026-07-31-at-08.37.37.jpeg\" \/>\n\t<meta property=\"og:image:width\" content=\"1198\" \/>\n\t<meta property=\"og:image:height\" content=\"1600\" \/>\n\t<meta property=\"og:image:type\" content=\"image\/jpeg\" \/>\n<meta name=\"author\" content=\"ELLO TV\" \/>\n<meta name=\"twitter:card\" content=\"summary_large_image\" \/>\n<meta name=\"twitter:label1\" content=\"Escrito por\" \/>\n\t<meta name=\"twitter:data1\" content=\"ELLO TV\" \/>\n\t<meta name=\"twitter:label2\" content=\"Est. tempo de leitura\" \/>\n\t<meta name=\"twitter:data2\" content=\"1 minuto\" \/>\n<script type=\"application\/ld+json\" class=\"yoast-schema-graph\">{\"@context\":\"https:\\\/\\\/schema.org\",\"@graph\":[{\"@type\":\"Article\",\"@id\":\"https:\\\/\\\/ellotv.com.br\\\/site\\\/2026\\\/08\\\/03\\\/pesquisa-aponta-empate-tecnico-entre-raquel-lyra-e-joao-campos-em-pernambuco\\\/#article\",\"isPartOf\":{\"@id\":\"https:\\\/\\\/ellotv.com.br\\\/site\\\/2026\\\/08\\\/03\\\/pesquisa-aponta-empate-tecnico-entre-raquel-lyra-e-joao-campos-em-pernambuco\\\/\"},\"author\":{\"name\":\"ELLO TV\",\"@id\":\"https:\\\/\\\/ellotv.com.br\\\/site\\\/#\\\/schema\\\/person\\\/2dbe3abaee38dcc7332fc8205cd2b15d\"},\"headline\":\"Pesquisa aponta empate t\u00e9cnico entre Raquel Lyra e Jo\u00e3o Campos em Pernambuco\",\"datePublished\":\"2026-08-03T11:24:13+00:00\",\"dateModified\":\"2026-08-03T14:46:44+00:00\",\"mainEntityOfPage\":{\"@id\":\"https:\\\/\\\/ellotv.com.br\\\/site\\\/2026\\\/08\\\/03\\\/pesquisa-aponta-empate-tecnico-entre-raquel-lyra-e-joao-campos-em-pernambuco\\\/\"},\"wordCount\":216,\"commentCount\":0,\"publisher\":{\"@id\":\"https:\\\/\\\/ellotv.com.br\\\/site\\\/#organization\"},\"image\":{\"@id\":\"https:\\\/\\\/ellotv.com.br\\\/site\\\/2026\\\/08\\\/03\\\/pesquisa-aponta-empate-tecnico-entre-raquel-lyra-e-joao-campos-em-pernambuco\\\/#primaryimage\"},\"thumbnailUrl\":\"https:\\\/\\\/ellotv.com.br\\\/site\\\/wp-content\\\/uploads\\\/2026\\\/08\\\/WhatsApp-Image-2026-07-31-at-08.37.37.jpeg\",\"articleSection\":[\"Brasil\",\"Noticias\",\"Regional\"],\"inLanguage\":\"pt-BR\",\"potentialAction\":[{\"@type\":\"CommentAction\",\"name\":\"Comment\",\"target\":[\"https:\\\/\\\/ellotv.com.br\\\/site\\\/2026\\\/08\\\/03\\\/pesquisa-aponta-empate-tecnico-entre-raquel-lyra-e-joao-campos-em-pernambuco\\\/#respond\"]}]},{\"@type\":\"WebPage\",\"@id\":\"https:\\\/\\\/ellotv.com.br\\\/site\\\/2026\\\/08\\\/03\\\/pesquisa-aponta-empate-tecnico-entre-raquel-lyra-e-joao-campos-em-pernambuco\\\/\",\"url\":\"https:\\\/\\\/ellotv.com.br\\\/site\\\/2026\\\/08\\\/03\\\/pesquisa-aponta-empate-tecnico-entre-raquel-lyra-e-joao-campos-em-pernambuco\\\/\",\"name\":\"Pesquisa aponta empate t\u00e9cnico entre Raquel Lyra e Jo\u00e3o Campos em Pernambuco - Ello TV\",\"isPartOf\":{\"@id\":\"https:\\\/\\\/ellotv.com.br\\\/site\\\/#website\"},\"primaryImageOfPage\":{\"@id\":\"https:\\\/\\\/ellotv.com.br\\\/site\\\/2026\\\/08\\\/03\\\/pesquisa-aponta-empate-tecnico-entre-raquel-lyra-e-joao-campos-em-pernambuco\\\/#primaryimage\"},\"image\":{\"@id\":\"https:\\\/\\\/ellotv.com.br\\\/site\\\/2026\\\/08\\\/03\\\/pesquisa-aponta-empate-tecnico-entre-raquel-lyra-e-joao-campos-em-pernambuco\\\/#primaryimage\"},\"thumbnailUrl\":\"https:\\\/\\\/ellotv.com.br\\\/site\\\/wp-content\\\/uploads\\\/2026\\\/08\\\/WhatsApp-Image-2026-07-31-at-08.37.37.jpeg\",\"datePublished\":\"2026-08-03T11:24:13+00:00\",\"dateModified\":\"2026-08-03T14:46:44+00:00\",\"description\":\"Pesquisa RealTime Big Data mostra empate t\u00e9cnico entre Raquel Lyra e Jo\u00e3o Campos na disputa pelo Governo de Pernambuco.\",\"breadcrumb\":{\"@id\":\"https:\\\/\\\/ellotv.com.br\\\/site\\\/2026\\\/08\\\/03\\\/pesquisa-aponta-empate-tecnico-entre-raquel-lyra-e-joao-campos-em-pernambuco\\\/#breadcrumb\"},\"inLanguage\":\"pt-BR\",\"potentialAction\":[{\"@type\":\"ReadAction\",\"target\":[\"https:\\\/\\\/ellotv.com.br\\\/site\\\/2026\\\/08\\\/03\\\/pesquisa-aponta-empate-tecnico-entre-raquel-lyra-e-joao-campos-em-pernambuco\\\/\"]}]},{\"@type\":\"ImageObject\",\"inLanguage\":\"pt-BR\",\"@id\":\"https:\\\/\\\/ellotv.com.br\\\/site\\\/2026\\\/08\\\/03\\\/pesquisa-aponta-empate-tecnico-entre-raquel-lyra-e-joao-campos-em-pernambuco\\\/#primaryimage\",\"url\":\"https:\\\/\\\/ellotv.com.br\\\/site\\\/wp-content\\\/uploads\\\/2026\\\/08\\\/WhatsApp-Image-2026-07-31-at-08.37.37.jpeg\",\"contentUrl\":\"https:\\\/\\\/ellotv.com.br\\\/site\\\/wp-content\\\/uploads\\\/2026\\\/08\\\/WhatsApp-Image-2026-07-31-at-08.37.37.jpeg\",\"width\":1198,\"height\":1600},{\"@type\":\"BreadcrumbList\",\"@id\":\"https:\\\/\\\/ellotv.com.br\\\/site\\\/2026\\\/08\\\/03\\\/pesquisa-aponta-empate-tecnico-entre-raquel-lyra-e-joao-campos-em-pernambuco\\\/#breadcrumb\",\"itemListElement\":[{\"@type\":\"ListItem\",\"position\":1,\"name\":\"In\u00edcio\",\"item\":\"https:\\\/\\\/ellotv.com.br\\\/site\\\/\"},{\"@type\":\"ListItem\",\"position\":2,\"name\":\"Pesquisa aponta empate t\u00e9cnico entre Raquel Lyra e Jo\u00e3o Campos em Pernambuco\"}]},{\"@type\":\"WebSite\",\"@id\":\"https:\\\/\\\/ellotv.com.br\\\/site\\\/#website\",\"url\":\"https:\\\/\\\/ellotv.com.br\\\/site\\\/\",\"name\":\"ELLO TV\",\"description\":\"\",\"publisher\":{\"@id\":\"https:\\\/\\\/ellotv.com.br\\\/site\\\/#organization\"},\"potentialAction\":[{\"@type\":\"SearchAction\",\"target\":{\"@type\":\"EntryPoint\",\"urlTemplate\":\"https:\\\/\\\/ellotv.com.br\\\/site\\\/?s={search_term_string}\"},\"query-input\":{\"@type\":\"PropertyValueSpecification\",\"valueRequired\":true,\"valueName\":\"search_term_string\"}}],\"inLanguage\":\"pt-BR\"},{\"@type\":\"Organization\",\"@id\":\"https:\\\/\\\/ellotv.com.br\\\/site\\\/#organization\",\"name\":\"ELLO TV\",\"url\":\"https:\\\/\\\/ellotv.com.br\\\/site\\\/\",\"logo\":{\"@type\":\"ImageObject\",\"inLanguage\":\"pt-BR\",\"@id\":\"https:\\\/\\\/ellotv.com.br\\\/site\\\/#\\\/schema\\\/logo\\\/image\\\/\",\"url\":\"https:\\\/\\\/ellotv.com.br\\\/site\\\/wp-content\\\/uploads\\\/2025\\\/11\\\/ello-logo-2.fw_.png\",\"contentUrl\":\"https:\\\/\\\/ellotv.com.br\\\/site\\\/wp-content\\\/uploads\\\/2025\\\/11\\\/ello-logo-2.fw_.png\",\"width\":400,\"height\":146,\"caption\":\"ELLO TV\"},\"image\":{\"@id\":\"https:\\\/\\\/ellotv.com.br\\\/site\\\/#\\\/schema\\\/logo\\\/image\\\/\"}},{\"@type\":\"Person\",\"@id\":\"https:\\\/\\\/ellotv.com.br\\\/site\\\/#\\\/schema\\\/person\\\/2dbe3abaee38dcc7332fc8205cd2b15d\",\"name\":\"ELLO TV\",\"image\":{\"@type\":\"ImageObject\",\"inLanguage\":\"pt-BR\",\"@id\":\"https:\\\/\\\/secure.gravatar.com\\\/avatar\\\/c38242b9da8ec217ac3f0aaee31a54f7d7befb11b2b47fdbc8fb0fad60afa1c6?s=96&d=mm&r=g\",\"url\":\"https:\\\/\\\/secure.gravatar.com\\\/avatar\\\/c38242b9da8ec217ac3f0aaee31a54f7d7befb11b2b47fdbc8fb0fad60afa1c6?s=96&d=mm&r=g\",\"contentUrl\":\"https:\\\/\\\/secure.gravatar.com\\\/avatar\\\/c38242b9da8ec217ac3f0aaee31a54f7d7befb11b2b47fdbc8fb0fad60afa1c6?s=96&d=mm&r=g\",\"caption\":\"ELLO TV\"},\"url\":\"https:\\\/\\\/ellotv.com.br\\\/site\\\/author\\\/elloagencia\\\/\"}]}<\/script>\n<!-- \/ Yoast SEO plugin. -->","yoast_head_json":{"title":"Pesquisa aponta empate t\u00e9cnico entre Raquel Lyra e Jo\u00e3o Campos em Pernambuco - Ello TV","description":"Pesquisa RealTime Big Data mostra empate t\u00e9cnico entre Raquel Lyra e Jo\u00e3o Campos na disputa pelo Governo de Pernambuco.","robots":{"index":"index","follow":"follow","max-snippet":"max-snippet:-1","max-image-preview":"max-image-preview:large","max-video-preview":"max-video-preview:-1"},"canonical":"https:\/\/ellotv.com.br\/site\/2026\/08\/03\/pesquisa-aponta-empate-tecnico-entre-raquel-lyra-e-joao-campos-em-pernambuco\/","og_locale":"pt_BR","og_type":"article","og_title":"Pesquisa aponta empate t\u00e9cnico entre Raquel Lyra e Jo\u00e3o Campos em Pernambuco - Ello TV","og_description":"Pesquisa RealTime Big Data mostra empate t\u00e9cnico entre Raquel Lyra e Jo\u00e3o Campos na disputa pelo Governo de Pernambuco.","og_url":"https:\/\/ellotv.com.br\/site\/2026\/08\/03\/pesquisa-aponta-empate-tecnico-entre-raquel-lyra-e-joao-campos-em-pernambuco\/","og_site_name":"Ello TV","article_published_time":"2026-08-03T11:24:13+00:00","article_modified_time":"2026-08-03T14:46:44+00:00","og_image":[{"width":1198,"height":1600,"url":"https:\/\/ellotv.com.br\/site\/wp-content\/uploads\/2026\/08\/WhatsApp-Image-2026-07-31-at-08.37.37.jpeg","type":"image\/jpeg"}],"author":"ELLO TV","twitter_card":"summary_large_image","twitter_misc":{"Escrito por":"ELLO TV","Est. tempo de leitura":"1 minuto"},"schema":{"@context":"https:\/\/schema.org","@graph":[{"@type":"Article","@id":"https:\/\/ellotv.com.br\/site\/2026\/08\/03\/pesquisa-aponta-empate-tecnico-entre-raquel-lyra-e-joao-campos-em-pernambuco\/#article","isPartOf":{"@id":"https:\/\/ellotv.com.br\/site\/2026\/08\/03\/pesquisa-aponta-empate-tecnico-entre-raquel-lyra-e-joao-campos-em-pernambuco\/"},"author":{"name":"ELLO TV","@id":"https:\/\/ellotv.com.br\/site\/#\/schema\/person\/2dbe3abaee38dcc7332fc8205cd2b15d"},"headline":"Pesquisa aponta empate t\u00e9cnico entre Raquel Lyra e Jo\u00e3o Campos em Pernambuco","datePublished":"2026-08-03T11:24:13+00:00","dateModified":"2026-08-03T14:46:44+00:00","mainEntityOfPage":{"@id":"https:\/\/ellotv.com.br\/site\/2026\/08\/03\/pesquisa-aponta-empate-tecnico-entre-raquel-lyra-e-joao-campos-em-pernambuco\/"},"wordCount":216,"commentCount":0,"publisher":{"@id":"https:\/\/ellotv.com.br\/site\/#organization"},"image":{"@id":"https:\/\/ellotv.com.br\/site\/2026\/08\/03\/pesquisa-aponta-empate-tecnico-entre-raquel-lyra-e-joao-campos-em-pernambuco\/#primaryimage"},"thumbnailUrl":"https:\/\/ellotv.com.br\/site\/wp-content\/uploads\/2026\/08\/WhatsApp-Image-2026-07-31-at-08.37.37.jpeg","articleSection":["Brasil","Noticias","Regional"],"inLanguage":"pt-BR","potentialAction":[{"@type":"CommentAction","name":"Comment","target":["https:\/\/ellotv.com.br\/site\/2026\/08\/03\/pesquisa-aponta-empate-tecnico-entre-raquel-lyra-e-joao-campos-em-pernambuco\/#respond"]}]},{"@type":"WebPage","@id":"https:\/\/ellotv.com.br\/site\/2026\/08\/03\/pesquisa-aponta-empate-tecnico-entre-raquel-lyra-e-joao-campos-em-pernambuco\/","url":"https:\/\/ellotv.com.br\/site\/2026\/08\/03\/pesquisa-aponta-empate-tecnico-entre-raquel-lyra-e-joao-campos-em-pernambuco\/","name":"Pesquisa aponta empate t\u00e9cnico entre Raquel Lyra e Jo\u00e3o Campos em Pernambuco - Ello TV","isPartOf":{"@id":"https:\/\/ellotv.com.br\/site\/#website"},"primaryImageOfPage":{"@id":"https:\/\/ellotv.com.br\/site\/2026\/08\/03\/pesquisa-aponta-empate-tecnico-entre-raquel-lyra-e-joao-campos-em-pernambuco\/#primaryimage"},"image":{"@id":"https:\/\/ellotv.com.br\/site\/2026\/08\/03\/pesquisa-aponta-empate-tecnico-entre-raquel-lyra-e-joao-campos-em-pernambuco\/#primaryimage"},"thumbnailUrl":"https:\/\/ellotv.com.br\/site\/wp-content\/uploads\/2026\/08\/WhatsApp-Image-2026-07-31-at-08.37.37.jpeg","datePublished":"2026-08-03T11:24:13+00:00","dateModified":"2026-08-03T14:46:44+00:00","description":"Pesquisa RealTime Big Data mostra empate t\u00e9cnico entre Raquel Lyra e Jo\u00e3o Campos na disputa pelo Governo de Pernambuco.","breadcrumb":{"@id":"https:\/\/ellotv.com.br\/site\/2026\/08\/03\/pesquisa-aponta-empate-tecnico-entre-raquel-lyra-e-joao-campos-em-pernambuco\/#breadcrumb"},"inLanguage":"pt-BR","potentialAction":[{"@type":"ReadAction","target":["https:\/\/ellotv.com.br\/site\/2026\/08\/03\/pesquisa-aponta-empate-tecnico-entre-raquel-lyra-e-joao-campos-em-pernambuco\/"]}]},{"@type":"ImageObject","inLanguage":"pt-BR","@id":"https:\/\/ellotv.com.br\/site\/2026\/08\/03\/pesquisa-aponta-empate-tecnico-entre-raquel-lyra-e-joao-campos-em-pernambuco\/#primaryimage","url":"https:\/\/ellotv.com.br\/site\/wp-content\/uploads\/2026\/08\/WhatsApp-Image-2026-07-31-at-08.37.37.jpeg","contentUrl":"https:\/\/ellotv.com.br\/site\/wp-content\/uploads\/2026\/08\/WhatsApp-Image-2026-07-31-at-08.37.37.jpeg","width":1198,"height":1600},{"@type":"BreadcrumbList","@id":"https:\/\/ellotv.com.br\/site\/2026\/08\/03\/pesquisa-aponta-empate-tecnico-entre-raquel-lyra-e-joao-campos-em-pernambuco\/#breadcrumb","itemListElement":[{"@type":"ListItem","position":1,"name":"In\u00edcio","item":"https:\/\/ellotv.com.br\/site\/"},{"@type":"ListItem","position":2,"name":"Pesquisa aponta empate t\u00e9cnico entre Raquel Lyra e Jo\u00e3o Campos em Pernambuco"}]},{"@type":"WebSite","@id":"https:\/\/ellotv.com.br\/site\/#website","url":"https:\/\/ellotv.com.br\/site\/","name":"ELLO TV","description":"","publisher":{"@id":"https:\/\/ellotv.com.br\/site\/#organization"},"potentialAction":[{"@type":"SearchAction","target":{"@type":"EntryPoint","urlTemplate":"https:\/\/ellotv.com.br\/site\/?s={search_term_string}"},"query-input":{"@type":"PropertyValueSpecification","valueRequired":true,"valueName":"search_term_string"}}],"inLanguage":"pt-BR"},{"@type":"Organization","@id":"https:\/\/ellotv.com.br\/site\/#organization","name":"ELLO TV","url":"https:\/\/ellotv.com.br\/site\/","logo":{"@type":"ImageObject","inLanguage":"pt-BR","@id":"https:\/\/ellotv.com.br\/site\/#\/schema\/logo\/image\/","url":"https:\/\/ellotv.com.br\/site\/wp-content\/uploads\/2025\/11\/ello-logo-2.fw_.png","contentUrl":"https:\/\/ellotv.com.br\/site\/wp-content\/uploads\/2025\/11\/ello-logo-2.fw_.png","width":400,"height":146,"caption":"ELLO TV"},"image":{"@id":"https:\/\/ellotv.com.br\/site\/#\/schema\/logo\/image\/"}},{"@type":"Person","@id":"https:\/\/ellotv.com.br\/site\/#\/schema\/person\/2dbe3abaee38dcc7332fc8205cd2b15d","name":"ELLO TV","image":{"@type":"ImageObject","inLanguage":"pt-BR","@id":"https:\/\/secure.gravatar.com\/avatar\/c38242b9da8ec217ac3f0aaee31a54f7d7befb11b2b47fdbc8fb0fad60afa1c6?s=96&d=mm&r=g","url":"https:\/\/secure.gravatar.com\/avatar\/c38242b9da8ec217ac3f0aaee31a54f7d7befb11b2b47fdbc8fb0fad60afa1c6?s=96&d=mm&r=g","contentUrl":"https:\/\/secure.gravatar.com\/avatar\/c38242b9da8ec217ac3f0aaee31a54f7d7befb11b2b47fdbc8fb0fad60afa1c6?s=96&d=mm&r=g","caption":"ELLO TV"},"url":"https:\/\/ellotv.com.br\/site\/author\/elloagencia\/"}]}},"featured_image_urls":{"full":["https:\/\/ellotv.com.br\/site\/wp-content\/uploads\/2026\/08\/WhatsApp-Image-2026-07-31-at-08.37.37.jpeg",1198,1600,false],"thumbnail":["https:\/\/ellotv.com.br\/site\/wp-content\/uploads\/2026\/08\/WhatsApp-Image-2026-07-31-at-08.37.37-150x150.jpeg",150,150,true],"medium":["https:\/\/ellotv.com.br\/site\/wp-content\/uploads\/2026\/08\/WhatsApp-Image-2026-07-31-at-08.37.37-225x300.jpeg",225,300,true],"medium_large":["https:\/\/ellotv.com.br\/site\/wp-content\/uploads\/2026\/08\/WhatsApp-Image-2026-07-31-at-08.37.37-768x1026.jpeg",640,855,true],"large":["https:\/\/ellotv.com.br\/site\/wp-content\/uploads\/2026\/08\/WhatsApp-Image-2026-07-31-at-08.37.37-767x1024.jpeg",640,854,true],"1536x1536":["https:\/\/ellotv.com.br\/site\/wp-content\/uploads\/2026\/08\/WhatsApp-Image-2026-07-31-at-08.37.37-1150x1536.jpeg",1150,1536,true],"2048x2048":["https:\/\/ellotv.com.br\/site\/wp-content\/uploads\/2026\/08\/WhatsApp-Image-2026-07-31-at-08.37.37.jpeg",1198,1600,false],"darknews-slider-full":["https:\/\/ellotv.com.br\/site\/wp-content\/uploads\/2026\/08\/WhatsApp-Image-2026-07-31-at-08.37.37-1198x720.jpeg",1198,720,true],"darknews-featured":["https:\/\/ellotv.com.br\/site\/wp-content\/uploads\/2026\/08\/WhatsApp-Image-2026-07-31-at-08.37.37-1024x1368.jpeg",1024,1368,true],"darknews-medium":["https:\/\/ellotv.com.br\/site\/wp-content\/uploads\/2026\/08\/WhatsApp-Image-2026-07-31-at-08.37.37-720x530.jpeg",720,530,true],"darknews-medium-square":["https:\/\/ellotv.com.br\/site\/wp-content\/uploads\/2026\/08\/WhatsApp-Image-2026-07-31-at-08.37.37-350x350.jpeg",350,350,true]},"author_info":{"info":["ELLO TV"]},"category_info":"<a href=\"https:\/\/ellotv.com.br\/site\/category\/brasil\/\" rel=\"category tag\">Brasil<\/a> <a href=\"https:\/\/ellotv.com.br\/site\/category\/noticias\/\" rel=\"category tag\">Noticias<\/a> <a href=\"https:\/\/ellotv.com.br\/site\/category\/regional\/\" rel=\"category tag\">Regional<\/a>","tag_info":"Regional","comment_count":"0","_links":{"self":[{"href":"https:\/\/ellotv.com.br\/site\/wp-json\/wp\/v2\/posts\/6647","targetHints":{"allow":["GET"]}}],"collection":[{"href":"https:\/\/ellotv.com.br\/site\/wp-json\/wp\/v2\/posts"}],"about":[{"href":"https:\/\/ellotv.com.br\/site\/wp-json\/wp\/v2\/types\/post"}],"author":[{"embeddable":true,"href":"https:\/\/ellotv.com.br\/site\/wp-json\/wp\/v2\/users\/2"}],"replies":[{"embeddable":true,"href":"https:\/\/ellotv.com.br\/site\/wp-json\/wp\/v2\/comments?post=6647"}],"version-history":[{"count":1,"href":"https:\/\/ellotv.com.br\/site\/wp-json\/wp\/v2\/posts\/6647\/revisions"}],"predecessor-version":[{"id":6648,"href":"https:\/\/ellotv.com.br\/site\/wp-json\/wp\/v2\/posts\/6647\/revisions\/6648"}],"wp:featuredmedia":[{"embeddable":true,"href":"https:\/\/ellotv.com.br\/site\/wp-json\/wp\/v2\/media\/6663"}],"wp:attachment":[{"href":"https:\/\/ellotv.com.br\/site\/wp-json\/wp\/v2\/media?parent=6647"}],"wp:term":[{"taxonomy":"category","embeddable":true,"href":"https:\/\/ellotv.com.br\/site\/wp-json\/wp\/v2\/categories?post=6647"},{"taxonomy":"post_tag","embeddable":true,"href":"https:\/\/ellotv.com.br\/site\/wp-json\/wp\/v2\/tags?post=6647"}],"curies":[{"name":"wp","href":"https:\/\/api.w.org\/{rel}","templated":true}]}}