{"id":6649,"date":"2026-08-03T08:25:51","date_gmt":"2026-08-03T11:25:51","guid":{"rendered":"https:\/\/ellotv.com.br\/site\/?p=6649"},"modified":"2026-08-03T08:25:51","modified_gmt":"2026-08-03T11:25:51","slug":"super-acao-debate-mobilidade-eletrica-e-inovacao-automotiva","status":"publish","type":"post","link":"https:\/\/ellotv.com.br\/site\/2026\/08\/03\/super-acao-debate-mobilidade-eletrica-e-inovacao-automotiva\/","title":{"rendered":"Super A\u00e7\u00e3o debate mobilidade el\u00e9trica e inova\u00e7\u00e3o automotiva"},"content":{"rendered":"<p>No epis\u00f3dio 92 do SUPER A\u00c7\u00c3O, Andr\u00e9 Lu\u00eds recebe Denilson Reis para uma conversa sobre o crescimento da mobilidade el\u00e9trica e as transforma\u00e7\u00f5es no mercado automotivo.<\/p>\n<p><strong>Mobilidade do futuro<\/strong><\/p>\n<p>O epis\u00f3dio explora como os carros el\u00e9tricos est\u00e3o mudando a forma de se locomover e impactando a ind\u00fastria automobil\u00edstica.<\/p>\n<p><strong>Inova\u00e7\u00e3o e tecnologia<\/strong><\/p>\n<p>Durante o bate-papo, s\u00e3o discutidas as principais inova\u00e7\u00f5es tecnol\u00f3gicas que impulsionam o setor e ampliam o acesso \u00e0 mobilidade sustent\u00e1vel.<\/p>\n<p><strong>Sustentabilidade em pauta<\/strong><\/p>\n<p>A conversa destaca os benef\u00edcios ambientais dos ve\u00edculos el\u00e9tricos e seu papel na constru\u00e7\u00e3o de um futuro mais sustent\u00e1vel.<\/p>\n<p><strong>Tend\u00eancias de mercado<\/strong><\/p>\n<p>O epis\u00f3dio apresenta perspectivas e tend\u00eancias que prometem transformar o cen\u00e1rio da mobilidade nos pr\u00f3ximos anos.<\/p>\n<p><strong>Quando assistir<\/strong><\/p>\n<p>\ud83d\uddd3\ufe0f 05 de agosto<br \/>\n\ud83d\udd56 \u00c0s 19h<br \/>\n\ud83d\udcfa Assista na ELLO TV!<\/p>\n<p><strong>Apoio<\/strong><\/p>\n<p>@guilassje<br \/>\n@casashoppingconceito<br \/>\n@solarmoby.eletropostos<br \/>\n@docesdemel1989<\/p>\n<p><strong>Conte\u00fado que conecta inova\u00e7\u00e3o<\/strong><\/p>\n<p>O SUPER A\u00c7\u00c3O segue trazendo temas atuais e relevantes para o p\u00fablico.<\/p>\n","protected":false},"excerpt":{"rendered":"<p>No epis\u00f3dio 92 do SUPER A\u00c7\u00c3O, Andr\u00e9 Lu\u00eds recebe Denilson Reis para uma conversa sobre o crescimento da<\/p>\n","protected":false},"author":2,"featured_media":6650,"comment_status":"open","ping_status":"open","sticky":false,"template":"","format":"standard","meta":{"footnotes":""},"categories":[1],"tags":[],"class_list":["post-6649","post","type-post","status-publish","format-standard","has-post-thumbnail","hentry","category-ello"],"yoast_head":"<!-- This site is optimized with the Yoast SEO plugin v28.3 - https:\/\/yoast.com\/product\/yoast-seo-wordpress\/ -->\n<title>Super A\u00e7\u00e3o debate mobilidade el\u00e9trica e inova\u00e7\u00e3o automotiva - Ello TV<\/title>\n<meta name=\"description\" content=\"Super A\u00e7\u00e3o aborda mobilidade el\u00e9trica e tend\u00eancias dos carros el\u00e9tricos no epis\u00f3dio 92.\" \/>\n<meta name=\"robots\" content=\"index, follow, max-snippet:-1, max-image-preview:large, max-video-preview:-1\" \/>\n<link rel=\"canonical\" href=\"https:\/\/ellotv.com.br\/site\/2026\/08\/03\/super-acao-debate-mobilidade-eletrica-e-inovacao-automotiva\/\" \/>\n<meta property=\"og:locale\" content=\"pt_BR\" \/>\n<meta property=\"og:type\" content=\"article\" \/>\n<meta property=\"og:title\" content=\"Super A\u00e7\u00e3o debate mobilidade el\u00e9trica e inova\u00e7\u00e3o automotiva - Ello TV\" \/>\n<meta property=\"og:description\" content=\"Super A\u00e7\u00e3o aborda mobilidade el\u00e9trica e tend\u00eancias dos carros el\u00e9tricos no epis\u00f3dio 92.\" \/>\n<meta property=\"og:url\" content=\"https:\/\/ellotv.com.br\/site\/2026\/08\/03\/super-acao-debate-mobilidade-eletrica-e-inovacao-automotiva\/\" \/>\n<meta property=\"og:site_name\" content=\"Ello TV\" \/>\n<meta property=\"article:published_time\" content=\"2026-08-03T11:25:51+00:00\" \/>\n<meta property=\"og:image\" content=\"https:\/\/ellotv.com.br\/site\/wp-content\/uploads\/2026\/08\/WhatsApp-Image-2026-07-30-at-14.10.22.jpeg\" \/>\n\t<meta property=\"og:image:width\" content=\"1280\" \/>\n\t<meta property=\"og:image:height\" content=\"1600\" \/>\n\t<meta property=\"og:image:type\" content=\"image\/jpeg\" \/>\n<meta name=\"author\" content=\"ELLO TV\" \/>\n<meta name=\"twitter:card\" content=\"summary_large_image\" \/>\n<meta name=\"twitter:label1\" content=\"Escrito por\" \/>\n\t<meta name=\"twitter:data1\" content=\"ELLO TV\" \/>\n\t<meta name=\"twitter:label2\" content=\"Est. tempo de leitura\" \/>\n\t<meta name=\"twitter:data2\" content=\"1 minuto\" \/>\n<script type=\"application\/ld+json\" class=\"yoast-schema-graph\">{\"@context\":\"https:\\\/\\\/schema.org\",\"@graph\":[{\"@type\":\"Article\",\"@id\":\"https:\\\/\\\/ellotv.com.br\\\/site\\\/2026\\\/08\\\/03\\\/super-acao-debate-mobilidade-eletrica-e-inovacao-automotiva\\\/#article\",\"isPartOf\":{\"@id\":\"https:\\\/\\\/ellotv.com.br\\\/site\\\/2026\\\/08\\\/03\\\/super-acao-debate-mobilidade-eletrica-e-inovacao-automotiva\\\/\"},\"author\":{\"name\":\"ELLO TV\",\"@id\":\"https:\\\/\\\/ellotv.com.br\\\/site\\\/#\\\/schema\\\/person\\\/2dbe3abaee38dcc7332fc8205cd2b15d\"},\"headline\":\"Super A\u00e7\u00e3o debate mobilidade el\u00e9trica e inova\u00e7\u00e3o automotiva\",\"datePublished\":\"2026-08-03T11:25:51+00:00\",\"mainEntityOfPage\":{\"@id\":\"https:\\\/\\\/ellotv.com.br\\\/site\\\/2026\\\/08\\\/03\\\/super-acao-debate-mobilidade-eletrica-e-inovacao-automotiva\\\/\"},\"wordCount\":182,\"commentCount\":0,\"publisher\":{\"@id\":\"https:\\\/\\\/ellotv.com.br\\\/site\\\/#organization\"},\"image\":{\"@id\":\"https:\\\/\\\/ellotv.com.br\\\/site\\\/2026\\\/08\\\/03\\\/super-acao-debate-mobilidade-eletrica-e-inovacao-automotiva\\\/#primaryimage\"},\"thumbnailUrl\":\"https:\\\/\\\/ellotv.com.br\\\/site\\\/wp-content\\\/uploads\\\/2026\\\/08\\\/WhatsApp-Image-2026-07-30-at-14.10.22.jpeg\",\"articleSection\":[\"Ello\"],\"inLanguage\":\"pt-BR\",\"potentialAction\":[{\"@type\":\"CommentAction\",\"name\":\"Comment\",\"target\":[\"https:\\\/\\\/ellotv.com.br\\\/site\\\/2026\\\/08\\\/03\\\/super-acao-debate-mobilidade-eletrica-e-inovacao-automotiva\\\/#respond\"]}]},{\"@type\":\"WebPage\",\"@id\":\"https:\\\/\\\/ellotv.com.br\\\/site\\\/2026\\\/08\\\/03\\\/super-acao-debate-mobilidade-eletrica-e-inovacao-automotiva\\\/\",\"url\":\"https:\\\/\\\/ellotv.com.br\\\/site\\\/2026\\\/08\\\/03\\\/super-acao-debate-mobilidade-eletrica-e-inovacao-automotiva\\\/\",\"name\":\"Super A\u00e7\u00e3o debate mobilidade el\u00e9trica e inova\u00e7\u00e3o automotiva - Ello TV\",\"isPartOf\":{\"@id\":\"https:\\\/\\\/ellotv.com.br\\\/site\\\/#website\"},\"primaryImageOfPage\":{\"@id\":\"https:\\\/\\\/ellotv.com.br\\\/site\\\/2026\\\/08\\\/03\\\/super-acao-debate-mobilidade-eletrica-e-inovacao-automotiva\\\/#primaryimage\"},\"image\":{\"@id\":\"https:\\\/\\\/ellotv.com.br\\\/site\\\/2026\\\/08\\\/03\\\/super-acao-debate-mobilidade-eletrica-e-inovacao-automotiva\\\/#primaryimage\"},\"thumbnailUrl\":\"https:\\\/\\\/ellotv.com.br\\\/site\\\/wp-content\\\/uploads\\\/2026\\\/08\\\/WhatsApp-Image-2026-07-30-at-14.10.22.jpeg\",\"datePublished\":\"2026-08-03T11:25:51+00:00\",\"description\":\"Super A\u00e7\u00e3o aborda mobilidade el\u00e9trica e tend\u00eancias dos carros el\u00e9tricos no epis\u00f3dio 92.\",\"breadcrumb\":{\"@id\":\"https:\\\/\\\/ellotv.com.br\\\/site\\\/2026\\\/08\\\/03\\\/super-acao-debate-mobilidade-eletrica-e-inovacao-automotiva\\\/#breadcrumb\"},\"inLanguage\":\"pt-BR\",\"potentialAction\":[{\"@type\":\"ReadAction\",\"target\":[\"https:\\\/\\\/ellotv.com.br\\\/site\\\/2026\\\/08\\\/03\\\/super-acao-debate-mobilidade-eletrica-e-inovacao-automotiva\\\/\"]}]},{\"@type\":\"ImageObject\",\"inLanguage\":\"pt-BR\",\"@id\":\"https:\\\/\\\/ellotv.com.br\\\/site\\\/2026\\\/08\\\/03\\\/super-acao-debate-mobilidade-eletrica-e-inovacao-automotiva\\\/#primaryimage\",\"url\":\"https:\\\/\\\/ellotv.com.br\\\/site\\\/wp-content\\\/uploads\\\/2026\\\/08\\\/WhatsApp-Image-2026-07-30-at-14.10.22.jpeg\",\"contentUrl\":\"https:\\\/\\\/ellotv.com.br\\\/site\\\/wp-content\\\/uploads\\\/2026\\\/08\\\/WhatsApp-Image-2026-07-30-at-14.10.22.jpeg\",\"width\":1280,\"height\":1600},{\"@type\":\"BreadcrumbList\",\"@id\":\"https:\\\/\\\/ellotv.com.br\\\/site\\\/2026\\\/08\\\/03\\\/super-acao-debate-mobilidade-eletrica-e-inovacao-automotiva\\\/#breadcrumb\",\"itemListElement\":[{\"@type\":\"ListItem\",\"position\":1,\"name\":\"In\u00edcio\",\"item\":\"https:\\\/\\\/ellotv.com.br\\\/site\\\/\"},{\"@type\":\"ListItem\",\"position\":2,\"name\":\"Super A\u00e7\u00e3o debate mobilidade el\u00e9trica e inova\u00e7\u00e3o automotiva\"}]},{\"@type\":\"WebSite\",\"@id\":\"https:\\\/\\\/ellotv.com.br\\\/site\\\/#website\",\"url\":\"https:\\\/\\\/ellotv.com.br\\\/site\\\/\",\"name\":\"ELLO TV\",\"description\":\"\",\"publisher\":{\"@id\":\"https:\\\/\\\/ellotv.com.br\\\/site\\\/#organization\"},\"potentialAction\":[{\"@type\":\"SearchAction\",\"target\":{\"@type\":\"EntryPoint\",\"urlTemplate\":\"https:\\\/\\\/ellotv.com.br\\\/site\\\/?s={search_term_string}\"},\"query-input\":{\"@type\":\"PropertyValueSpecification\",\"valueRequired\":true,\"valueName\":\"search_term_string\"}}],\"inLanguage\":\"pt-BR\"},{\"@type\":\"Organization\",\"@id\":\"https:\\\/\\\/ellotv.com.br\\\/site\\\/#organization\",\"name\":\"ELLO TV\",\"url\":\"https:\\\/\\\/ellotv.com.br\\\/site\\\/\",\"logo\":{\"@type\":\"ImageObject\",\"inLanguage\":\"pt-BR\",\"@id\":\"https:\\\/\\\/ellotv.com.br\\\/site\\\/#\\\/schema\\\/logo\\\/image\\\/\",\"url\":\"https:\\\/\\\/ellotv.com.br\\\/site\\\/wp-content\\\/uploads\\\/2025\\\/11\\\/ello-logo-2.fw_.png\",\"contentUrl\":\"https:\\\/\\\/ellotv.com.br\\\/site\\\/wp-content\\\/uploads\\\/2025\\\/11\\\/ello-logo-2.fw_.png\",\"width\":400,\"height\":146,\"caption\":\"ELLO TV\"},\"image\":{\"@id\":\"https:\\\/\\\/ellotv.com.br\\\/site\\\/#\\\/schema\\\/logo\\\/image\\\/\"}},{\"@type\":\"Person\",\"@id\":\"https:\\\/\\\/ellotv.com.br\\\/site\\\/#\\\/schema\\\/person\\\/2dbe3abaee38dcc7332fc8205cd2b15d\",\"name\":\"ELLO TV\",\"image\":{\"@type\":\"ImageObject\",\"inLanguage\":\"pt-BR\",\"@id\":\"https:\\\/\\\/secure.gravatar.com\\\/avatar\\\/c38242b9da8ec217ac3f0aaee31a54f7d7befb11b2b47fdbc8fb0fad60afa1c6?s=96&d=mm&r=g\",\"url\":\"https:\\\/\\\/secure.gravatar.com\\\/avatar\\\/c38242b9da8ec217ac3f0aaee31a54f7d7befb11b2b47fdbc8fb0fad60afa1c6?s=96&d=mm&r=g\",\"contentUrl\":\"https:\\\/\\\/secure.gravatar.com\\\/avatar\\\/c38242b9da8ec217ac3f0aaee31a54f7d7befb11b2b47fdbc8fb0fad60afa1c6?s=96&d=mm&r=g\",\"caption\":\"ELLO TV\"},\"url\":\"https:\\\/\\\/ellotv.com.br\\\/site\\\/author\\\/elloagencia\\\/\"}]}<\/script>\n<!-- \/ Yoast SEO plugin. -->","yoast_head_json":{"title":"Super A\u00e7\u00e3o debate mobilidade el\u00e9trica e inova\u00e7\u00e3o automotiva - Ello TV","description":"Super A\u00e7\u00e3o aborda mobilidade el\u00e9trica e tend\u00eancias dos carros el\u00e9tricos no epis\u00f3dio 92.","robots":{"index":"index","follow":"follow","max-snippet":"max-snippet:-1","max-image-preview":"max-image-preview:large","max-video-preview":"max-video-preview:-1"},"canonical":"https:\/\/ellotv.com.br\/site\/2026\/08\/03\/super-acao-debate-mobilidade-eletrica-e-inovacao-automotiva\/","og_locale":"pt_BR","og_type":"article","og_title":"Super A\u00e7\u00e3o debate mobilidade el\u00e9trica e inova\u00e7\u00e3o automotiva - Ello TV","og_description":"Super A\u00e7\u00e3o aborda mobilidade el\u00e9trica e tend\u00eancias dos carros el\u00e9tricos no epis\u00f3dio 92.","og_url":"https:\/\/ellotv.com.br\/site\/2026\/08\/03\/super-acao-debate-mobilidade-eletrica-e-inovacao-automotiva\/","og_site_name":"Ello TV","article_published_time":"2026-08-03T11:25:51+00:00","og_image":[{"width":1280,"height":1600,"url":"https:\/\/ellotv.com.br\/site\/wp-content\/uploads\/2026\/08\/WhatsApp-Image-2026-07-30-at-14.10.22.jpeg","type":"image\/jpeg"}],"author":"ELLO TV","twitter_card":"summary_large_image","twitter_misc":{"Escrito por":"ELLO TV","Est. tempo de leitura":"1 minuto"},"schema":{"@context":"https:\/\/schema.org","@graph":[{"@type":"Article","@id":"https:\/\/ellotv.com.br\/site\/2026\/08\/03\/super-acao-debate-mobilidade-eletrica-e-inovacao-automotiva\/#article","isPartOf":{"@id":"https:\/\/ellotv.com.br\/site\/2026\/08\/03\/super-acao-debate-mobilidade-eletrica-e-inovacao-automotiva\/"},"author":{"name":"ELLO TV","@id":"https:\/\/ellotv.com.br\/site\/#\/schema\/person\/2dbe3abaee38dcc7332fc8205cd2b15d"},"headline":"Super A\u00e7\u00e3o debate mobilidade el\u00e9trica e inova\u00e7\u00e3o automotiva","datePublished":"2026-08-03T11:25:51+00:00","mainEntityOfPage":{"@id":"https:\/\/ellotv.com.br\/site\/2026\/08\/03\/super-acao-debate-mobilidade-eletrica-e-inovacao-automotiva\/"},"wordCount":182,"commentCount":0,"publisher":{"@id":"https:\/\/ellotv.com.br\/site\/#organization"},"image":{"@id":"https:\/\/ellotv.com.br\/site\/2026\/08\/03\/super-acao-debate-mobilidade-eletrica-e-inovacao-automotiva\/#primaryimage"},"thumbnailUrl":"https:\/\/ellotv.com.br\/site\/wp-content\/uploads\/2026\/08\/WhatsApp-Image-2026-07-30-at-14.10.22.jpeg","articleSection":["Ello"],"inLanguage":"pt-BR","potentialAction":[{"@type":"CommentAction","name":"Comment","target":["https:\/\/ellotv.com.br\/site\/2026\/08\/03\/super-acao-debate-mobilidade-eletrica-e-inovacao-automotiva\/#respond"]}]},{"@type":"WebPage","@id":"https:\/\/ellotv.com.br\/site\/2026\/08\/03\/super-acao-debate-mobilidade-eletrica-e-inovacao-automotiva\/","url":"https:\/\/ellotv.com.br\/site\/2026\/08\/03\/super-acao-debate-mobilidade-eletrica-e-inovacao-automotiva\/","name":"Super A\u00e7\u00e3o debate mobilidade el\u00e9trica e inova\u00e7\u00e3o automotiva - Ello TV","isPartOf":{"@id":"https:\/\/ellotv.com.br\/site\/#website"},"primaryImageOfPage":{"@id":"https:\/\/ellotv.com.br\/site\/2026\/08\/03\/super-acao-debate-mobilidade-eletrica-e-inovacao-automotiva\/#primaryimage"},"image":{"@id":"https:\/\/ellotv.com.br\/site\/2026\/08\/03\/super-acao-debate-mobilidade-eletrica-e-inovacao-automotiva\/#primaryimage"},"thumbnailUrl":"https:\/\/ellotv.com.br\/site\/wp-content\/uploads\/2026\/08\/WhatsApp-Image-2026-07-30-at-14.10.22.jpeg","datePublished":"2026-08-03T11:25:51+00:00","description":"Super A\u00e7\u00e3o aborda mobilidade el\u00e9trica e tend\u00eancias dos carros el\u00e9tricos no epis\u00f3dio 92.","breadcrumb":{"@id":"https:\/\/ellotv.com.br\/site\/2026\/08\/03\/super-acao-debate-mobilidade-eletrica-e-inovacao-automotiva\/#breadcrumb"},"inLanguage":"pt-BR","potentialAction":[{"@type":"ReadAction","target":["https:\/\/ellotv.com.br\/site\/2026\/08\/03\/super-acao-debate-mobilidade-eletrica-e-inovacao-automotiva\/"]}]},{"@type":"ImageObject","inLanguage":"pt-BR","@id":"https:\/\/ellotv.com.br\/site\/2026\/08\/03\/super-acao-debate-mobilidade-eletrica-e-inovacao-automotiva\/#primaryimage","url":"https:\/\/ellotv.com.br\/site\/wp-content\/uploads\/2026\/08\/WhatsApp-Image-2026-07-30-at-14.10.22.jpeg","contentUrl":"https:\/\/ellotv.com.br\/site\/wp-content\/uploads\/2026\/08\/WhatsApp-Image-2026-07-30-at-14.10.22.jpeg","width":1280,"height":1600},{"@type":"BreadcrumbList","@id":"https:\/\/ellotv.com.br\/site\/2026\/08\/03\/super-acao-debate-mobilidade-eletrica-e-inovacao-automotiva\/#breadcrumb","itemListElement":[{"@type":"ListItem","position":1,"name":"In\u00edcio","item":"https:\/\/ellotv.com.br\/site\/"},{"@type":"ListItem","position":2,"name":"Super A\u00e7\u00e3o debate mobilidade el\u00e9trica e inova\u00e7\u00e3o automotiva"}]},{"@type":"WebSite","@id":"https:\/\/ellotv.com.br\/site\/#website","url":"https:\/\/ellotv.com.br\/site\/","name":"ELLO TV","description":"","publisher":{"@id":"https:\/\/ellotv.com.br\/site\/#organization"},"potentialAction":[{"@type":"SearchAction","target":{"@type":"EntryPoint","urlTemplate":"https:\/\/ellotv.com.br\/site\/?s={search_term_string}"},"query-input":{"@type":"PropertyValueSpecification","valueRequired":true,"valueName":"search_term_string"}}],"inLanguage":"pt-BR"},{"@type":"Organization","@id":"https:\/\/ellotv.com.br\/site\/#organization","name":"ELLO TV","url":"https:\/\/ellotv.com.br\/site\/","logo":{"@type":"ImageObject","inLanguage":"pt-BR","@id":"https:\/\/ellotv.com.br\/site\/#\/schema\/logo\/image\/","url":"https:\/\/ellotv.com.br\/site\/wp-content\/uploads\/2025\/11\/ello-logo-2.fw_.png","contentUrl":"https:\/\/ellotv.com.br\/site\/wp-content\/uploads\/2025\/11\/ello-logo-2.fw_.png","width":400,"height":146,"caption":"ELLO TV"},"image":{"@id":"https:\/\/ellotv.com.br\/site\/#\/schema\/logo\/image\/"}},{"@type":"Person","@id":"https:\/\/ellotv.com.br\/site\/#\/schema\/person\/2dbe3abaee38dcc7332fc8205cd2b15d","name":"ELLO TV","image":{"@type":"ImageObject","inLanguage":"pt-BR","@id":"https:\/\/secure.gravatar.com\/avatar\/c38242b9da8ec217ac3f0aaee31a54f7d7befb11b2b47fdbc8fb0fad60afa1c6?s=96&d=mm&r=g","url":"https:\/\/secure.gravatar.com\/avatar\/c38242b9da8ec217ac3f0aaee31a54f7d7befb11b2b47fdbc8fb0fad60afa1c6?s=96&d=mm&r=g","contentUrl":"https:\/\/secure.gravatar.com\/avatar\/c38242b9da8ec217ac3f0aaee31a54f7d7befb11b2b47fdbc8fb0fad60afa1c6?s=96&d=mm&r=g","caption":"ELLO TV"},"url":"https:\/\/ellotv.com.br\/site\/author\/elloagencia\/"}]}},"featured_image_urls":{"full":["https:\/\/ellotv.com.br\/site\/wp-content\/uploads\/2026\/08\/WhatsApp-Image-2026-07-30-at-14.10.22.jpeg",1280,1600,false],"thumbnail":["https:\/\/ellotv.com.br\/site\/wp-content\/uploads\/2026\/08\/WhatsApp-Image-2026-07-30-at-14.10.22-150x150.jpeg",150,150,true],"medium":["https:\/\/ellotv.com.br\/site\/wp-content\/uploads\/2026\/08\/WhatsApp-Image-2026-07-30-at-14.10.22-240x300.jpeg",240,300,true],"medium_large":["https:\/\/ellotv.com.br\/site\/wp-content\/uploads\/2026\/08\/WhatsApp-Image-2026-07-30-at-14.10.22-768x960.jpeg",640,800,true],"large":["https:\/\/ellotv.com.br\/site\/wp-content\/uploads\/2026\/08\/WhatsApp-Image-2026-07-30-at-14.10.22-819x1024.jpeg",640,800,true],"1536x1536":["https:\/\/ellotv.com.br\/site\/wp-content\/uploads\/2026\/08\/WhatsApp-Image-2026-07-30-at-14.10.22-1229x1536.jpeg",1229,1536,true],"2048x2048":["https:\/\/ellotv.com.br\/site\/wp-content\/uploads\/2026\/08\/WhatsApp-Image-2026-07-30-at-14.10.22.jpeg",1280,1600,false],"darknews-slider-full":["https:\/\/ellotv.com.br\/site\/wp-content\/uploads\/2026\/08\/WhatsApp-Image-2026-07-30-at-14.10.22-1280x720.jpeg",1280,720,true],"darknews-featured":["https:\/\/ellotv.com.br\/site\/wp-content\/uploads\/2026\/08\/WhatsApp-Image-2026-07-30-at-14.10.22-1024x1280.jpeg",1024,1280,true],"darknews-medium":["https:\/\/ellotv.com.br\/site\/wp-content\/uploads\/2026\/08\/WhatsApp-Image-2026-07-30-at-14.10.22-720x530.jpeg",720,530,true],"darknews-medium-square":["https:\/\/ellotv.com.br\/site\/wp-content\/uploads\/2026\/08\/WhatsApp-Image-2026-07-30-at-14.10.22-350x350.jpeg",350,350,true]},"author_info":{"info":["ELLO TV"]},"category_info":"<a href=\"https:\/\/ellotv.com.br\/site\/category\/ello\/\" rel=\"category tag\">Ello<\/a>","tag_info":"Ello","comment_count":"0","_links":{"self":[{"href":"https:\/\/ellotv.com.br\/site\/wp-json\/wp\/v2\/posts\/6649","targetHints":{"allow":["GET"]}}],"collection":[{"href":"https:\/\/ellotv.com.br\/site\/wp-json\/wp\/v2\/posts"}],"about":[{"href":"https:\/\/ellotv.com.br\/site\/wp-json\/wp\/v2\/types\/post"}],"author":[{"embeddable":true,"href":"https:\/\/ellotv.com.br\/site\/wp-json\/wp\/v2\/users\/2"}],"replies":[{"embeddable":true,"href":"https:\/\/ellotv.com.br\/site\/wp-json\/wp\/v2\/comments?post=6649"}],"version-history":[{"count":1,"href":"https:\/\/ellotv.com.br\/site\/wp-json\/wp\/v2\/posts\/6649\/revisions"}],"predecessor-version":[{"id":6651,"href":"https:\/\/ellotv.com.br\/site\/wp-json\/wp\/v2\/posts\/6649\/revisions\/6651"}],"wp:featuredmedia":[{"embeddable":true,"href":"https:\/\/ellotv.com.br\/site\/wp-json\/wp\/v2\/media\/6650"}],"wp:attachment":[{"href":"https:\/\/ellotv.com.br\/site\/wp-json\/wp\/v2\/media?parent=6649"}],"wp:term":[{"taxonomy":"category","embeddable":true,"href":"https:\/\/ellotv.com.br\/site\/wp-json\/wp\/v2\/categories?post=6649"},{"taxonomy":"post_tag","embeddable":true,"href":"https:\/\/ellotv.com.br\/site\/wp-json\/wp\/v2\/tags?post=6649"}],"curies":[{"name":"wp","href":"https:\/\/api.w.org\/{rel}","templated":true}]}}