{"id":6721,"date":"2026-08-11T09:30:51","date_gmt":"2026-08-11T12:30:51","guid":{"rendered":"https:\/\/ellotv.com.br\/site\/?p=6721"},"modified":"2026-08-11T09:30:51","modified_gmt":"2026-08-11T12:30:51","slug":"causos-causas-recebe-dr-leonardo-moreira-santos-para-debate-sobre-advocacia-e-quinto-constitucional","status":"publish","type":"post","link":"https:\/\/ellotv.com.br\/site\/2026\/08\/11\/causos-causas-recebe-dr-leonardo-moreira-santos-para-debate-sobre-advocacia-e-quinto-constitucional\/","title":{"rendered":"Causos &#038; Causas recebe Dr. Leonardo Moreira Santos para debate sobre advocacia e Quinto Constitucional"},"content":{"rendered":"<p>No epis\u00f3dio desta semana do Causos &amp; Causas, recebemos o Dr. Leonardo Moreira Santos, advogado militante h\u00e1 mais de 20 anos, professor de Direito Processual Civil, mestre pela UNICAP e candidato ao Quinto Constitucional da advocacia para o Tribunal de Justi\u00e7a de Pernambuco (TJPE).<\/p>\n<p><strong>Duas d\u00e9cadas de advocacia<\/strong><\/p>\n<p>Leonardo compartilha sua experi\u00eancia constru\u00edda ao longo de mais de 20 anos na advocacia privada e na doc\u00eancia, revelando aprendizados e desafios da profiss\u00e3o.<\/p>\n<p><strong>Advocacia e TJPE<\/strong><\/p>\n<p>O bate-papo aborda os principais desafios enfrentados pelos advogados no Tribunal de Justi\u00e7a de Pernambuco e as propostas para aproximar o Judici\u00e1rio da realidade da classe.<\/p>\n<p><strong>Doc\u00eancia e forma\u00e7\u00e3o<\/strong><\/p>\n<p>Professor e respons\u00e1vel pela forma\u00e7\u00e3o de gera\u00e7\u00f5es de juristas em Pernambuco, Leonardo tamb\u00e9m fala sobre sua trajet\u00f3ria acad\u00eamica e a import\u00e2ncia do ensino jur\u00eddico.<\/p>\n<p><strong>Quinto Constitucional<\/strong><\/p>\n<p>O epis\u00f3dio apresenta suas perspectivas e propostas como candidato ao Quinto Constitucional da advocacia para o TJPE.<\/p>\n<p><strong>Lado humano<\/strong><\/p>\n<p>Al\u00e9m dos temas jur\u00eddicos, o p\u00fablico poder\u00e1 conhecer um pouco mais da hist\u00f3ria pessoal do convidado em um quebra-gelo especial.<\/p>\n<p><strong>Ping-pong final<\/strong><\/p>\n<p>E, como n\u00e3o poderia faltar, o tradicional quadro de perguntas r\u00e1pidas encerra o epis\u00f3dio com respostas espont\u00e2neas e momentos descontra\u00eddos.<\/p>\n<p><strong>Quando assistir<\/strong><\/p>\n<p>\ud83d\uddd3\ufe0f Quinta-feira, 13 de agosto de 2026<br \/>\n\ud83d\udd5b Ao meio-dia (12h)<br \/>\n\ud83d\udcfa Canal da ELLO TV no YouTube<\/p>\n<p><strong>N\u00e3o perca!<\/strong><\/p>\n<p>J\u00e1 ative o sininho no canal da ELLO TV e acompanhe mais um epis\u00f3dio do Causos &amp; Causas.<\/p>\n","protected":false},"excerpt":{"rendered":"<p>No epis\u00f3dio desta semana do Causos &amp; Causas, recebemos o Dr. Leonardo Moreira Santos, advogado militante h\u00e1 mais<\/p>\n","protected":false},"author":2,"featured_media":6722,"comment_status":"open","ping_status":"open","sticky":false,"template":"","format":"standard","meta":{"footnotes":""},"categories":[1],"tags":[],"class_list":["post-6721","post","type-post","status-publish","format-standard","has-post-thumbnail","hentry","category-ello"],"yoast_head":"<!-- This site is optimized with the Yoast SEO plugin v28.3 - https:\/\/yoast.com\/product\/yoast-seo-wordpress\/ -->\n<title>Causos &amp; Causas recebe Dr. Leonardo Moreira Santos para debate sobre advocacia e Quinto Constitucional - Ello TV<\/title>\n<meta name=\"description\" content=\"Causos &amp; Causas recebe Dr. Leonardo Moreira Santos para falar sobre advocacia, TJPE, doc\u00eancia e Quinto Constitucional.\" \/>\n<meta name=\"robots\" content=\"index, follow, max-snippet:-1, max-image-preview:large, max-video-preview:-1\" \/>\n<link rel=\"canonical\" href=\"https:\/\/ellotv.com.br\/site\/2026\/08\/11\/causos-causas-recebe-dr-leonardo-moreira-santos-para-debate-sobre-advocacia-e-quinto-constitucional\/\" \/>\n<meta property=\"og:locale\" content=\"pt_BR\" \/>\n<meta property=\"og:type\" content=\"article\" \/>\n<meta property=\"og:title\" content=\"Causos &amp; Causas recebe Dr. Leonardo Moreira Santos para debate sobre advocacia e Quinto Constitucional - Ello TV\" \/>\n<meta property=\"og:description\" content=\"Causos &amp; Causas recebe Dr. Leonardo Moreira Santos para falar sobre advocacia, TJPE, doc\u00eancia e Quinto Constitucional.\" \/>\n<meta property=\"og:url\" content=\"https:\/\/ellotv.com.br\/site\/2026\/08\/11\/causos-causas-recebe-dr-leonardo-moreira-santos-para-debate-sobre-advocacia-e-quinto-constitucional\/\" \/>\n<meta property=\"og:site_name\" content=\"Ello TV\" \/>\n<meta property=\"article:published_time\" content=\"2026-08-11T12:30:51+00:00\" \/>\n<meta property=\"og:image\" content=\"https:\/\/ellotv.com.br\/site\/wp-content\/uploads\/2026\/08\/WhatsApp-Image-2026-08-11-at-09.07.24.jpeg\" \/>\n\t<meta property=\"og:image:width\" content=\"1280\" \/>\n\t<meta property=\"og:image:height\" content=\"1600\" \/>\n\t<meta property=\"og:image:type\" content=\"image\/jpeg\" \/>\n<meta name=\"author\" content=\"ELLO TV\" \/>\n<meta name=\"twitter:card\" content=\"summary_large_image\" \/>\n<meta name=\"twitter:label1\" content=\"Escrito por\" \/>\n\t<meta name=\"twitter:data1\" content=\"ELLO TV\" \/>\n\t<meta name=\"twitter:label2\" content=\"Est. tempo de leitura\" \/>\n\t<meta name=\"twitter:data2\" content=\"1 minuto\" \/>\n<script type=\"application\/ld+json\" class=\"yoast-schema-graph\">{\"@context\":\"https:\\\/\\\/schema.org\",\"@graph\":[{\"@type\":\"Article\",\"@id\":\"https:\\\/\\\/ellotv.com.br\\\/site\\\/2026\\\/08\\\/11\\\/causos-causas-recebe-dr-leonardo-moreira-santos-para-debate-sobre-advocacia-e-quinto-constitucional\\\/#article\",\"isPartOf\":{\"@id\":\"https:\\\/\\\/ellotv.com.br\\\/site\\\/2026\\\/08\\\/11\\\/causos-causas-recebe-dr-leonardo-moreira-santos-para-debate-sobre-advocacia-e-quinto-constitucional\\\/\"},\"author\":{\"name\":\"ELLO TV\",\"@id\":\"https:\\\/\\\/ellotv.com.br\\\/site\\\/#\\\/schema\\\/person\\\/2dbe3abaee38dcc7332fc8205cd2b15d\"},\"headline\":\"Causos &#038; Causas recebe Dr. Leonardo Moreira Santos para debate sobre advocacia e Quinto Constitucional\",\"datePublished\":\"2026-08-11T12:30:51+00:00\",\"mainEntityOfPage\":{\"@id\":\"https:\\\/\\\/ellotv.com.br\\\/site\\\/2026\\\/08\\\/11\\\/causos-causas-recebe-dr-leonardo-moreira-santos-para-debate-sobre-advocacia-e-quinto-constitucional\\\/\"},\"wordCount\":269,\"commentCount\":0,\"publisher\":{\"@id\":\"https:\\\/\\\/ellotv.com.br\\\/site\\\/#organization\"},\"image\":{\"@id\":\"https:\\\/\\\/ellotv.com.br\\\/site\\\/2026\\\/08\\\/11\\\/causos-causas-recebe-dr-leonardo-moreira-santos-para-debate-sobre-advocacia-e-quinto-constitucional\\\/#primaryimage\"},\"thumbnailUrl\":\"https:\\\/\\\/ellotv.com.br\\\/site\\\/wp-content\\\/uploads\\\/2026\\\/08\\\/WhatsApp-Image-2026-08-11-at-09.07.24.jpeg\",\"articleSection\":[\"Ello\"],\"inLanguage\":\"pt-BR\",\"potentialAction\":[{\"@type\":\"CommentAction\",\"name\":\"Comment\",\"target\":[\"https:\\\/\\\/ellotv.com.br\\\/site\\\/2026\\\/08\\\/11\\\/causos-causas-recebe-dr-leonardo-moreira-santos-para-debate-sobre-advocacia-e-quinto-constitucional\\\/#respond\"]}]},{\"@type\":\"WebPage\",\"@id\":\"https:\\\/\\\/ellotv.com.br\\\/site\\\/2026\\\/08\\\/11\\\/causos-causas-recebe-dr-leonardo-moreira-santos-para-debate-sobre-advocacia-e-quinto-constitucional\\\/\",\"url\":\"https:\\\/\\\/ellotv.com.br\\\/site\\\/2026\\\/08\\\/11\\\/causos-causas-recebe-dr-leonardo-moreira-santos-para-debate-sobre-advocacia-e-quinto-constitucional\\\/\",\"name\":\"Causos & Causas recebe Dr. Leonardo Moreira Santos para debate sobre advocacia e Quinto Constitucional - Ello TV\",\"isPartOf\":{\"@id\":\"https:\\\/\\\/ellotv.com.br\\\/site\\\/#website\"},\"primaryImageOfPage\":{\"@id\":\"https:\\\/\\\/ellotv.com.br\\\/site\\\/2026\\\/08\\\/11\\\/causos-causas-recebe-dr-leonardo-moreira-santos-para-debate-sobre-advocacia-e-quinto-constitucional\\\/#primaryimage\"},\"image\":{\"@id\":\"https:\\\/\\\/ellotv.com.br\\\/site\\\/2026\\\/08\\\/11\\\/causos-causas-recebe-dr-leonardo-moreira-santos-para-debate-sobre-advocacia-e-quinto-constitucional\\\/#primaryimage\"},\"thumbnailUrl\":\"https:\\\/\\\/ellotv.com.br\\\/site\\\/wp-content\\\/uploads\\\/2026\\\/08\\\/WhatsApp-Image-2026-08-11-at-09.07.24.jpeg\",\"datePublished\":\"2026-08-11T12:30:51+00:00\",\"description\":\"Causos & Causas recebe Dr. Leonardo Moreira Santos para falar sobre advocacia, TJPE, doc\u00eancia e Quinto Constitucional.\",\"breadcrumb\":{\"@id\":\"https:\\\/\\\/ellotv.com.br\\\/site\\\/2026\\\/08\\\/11\\\/causos-causas-recebe-dr-leonardo-moreira-santos-para-debate-sobre-advocacia-e-quinto-constitucional\\\/#breadcrumb\"},\"inLanguage\":\"pt-BR\",\"potentialAction\":[{\"@type\":\"ReadAction\",\"target\":[\"https:\\\/\\\/ellotv.com.br\\\/site\\\/2026\\\/08\\\/11\\\/causos-causas-recebe-dr-leonardo-moreira-santos-para-debate-sobre-advocacia-e-quinto-constitucional\\\/\"]}]},{\"@type\":\"ImageObject\",\"inLanguage\":\"pt-BR\",\"@id\":\"https:\\\/\\\/ellotv.com.br\\\/site\\\/2026\\\/08\\\/11\\\/causos-causas-recebe-dr-leonardo-moreira-santos-para-debate-sobre-advocacia-e-quinto-constitucional\\\/#primaryimage\",\"url\":\"https:\\\/\\\/ellotv.com.br\\\/site\\\/wp-content\\\/uploads\\\/2026\\\/08\\\/WhatsApp-Image-2026-08-11-at-09.07.24.jpeg\",\"contentUrl\":\"https:\\\/\\\/ellotv.com.br\\\/site\\\/wp-content\\\/uploads\\\/2026\\\/08\\\/WhatsApp-Image-2026-08-11-at-09.07.24.jpeg\",\"width\":1280,\"height\":1600},{\"@type\":\"BreadcrumbList\",\"@id\":\"https:\\\/\\\/ellotv.com.br\\\/site\\\/2026\\\/08\\\/11\\\/causos-causas-recebe-dr-leonardo-moreira-santos-para-debate-sobre-advocacia-e-quinto-constitucional\\\/#breadcrumb\",\"itemListElement\":[{\"@type\":\"ListItem\",\"position\":1,\"name\":\"In\u00edcio\",\"item\":\"https:\\\/\\\/ellotv.com.br\\\/site\\\/\"},{\"@type\":\"ListItem\",\"position\":2,\"name\":\"Causos &#038; Causas recebe Dr. Leonardo Moreira Santos para debate sobre advocacia e Quinto Constitucional\"}]},{\"@type\":\"WebSite\",\"@id\":\"https:\\\/\\\/ellotv.com.br\\\/site\\\/#website\",\"url\":\"https:\\\/\\\/ellotv.com.br\\\/site\\\/\",\"name\":\"ELLO TV\",\"description\":\"\",\"publisher\":{\"@id\":\"https:\\\/\\\/ellotv.com.br\\\/site\\\/#organization\"},\"potentialAction\":[{\"@type\":\"SearchAction\",\"target\":{\"@type\":\"EntryPoint\",\"urlTemplate\":\"https:\\\/\\\/ellotv.com.br\\\/site\\\/?s={search_term_string}\"},\"query-input\":{\"@type\":\"PropertyValueSpecification\",\"valueRequired\":true,\"valueName\":\"search_term_string\"}}],\"inLanguage\":\"pt-BR\"},{\"@type\":\"Organization\",\"@id\":\"https:\\\/\\\/ellotv.com.br\\\/site\\\/#organization\",\"name\":\"ELLO TV\",\"url\":\"https:\\\/\\\/ellotv.com.br\\\/site\\\/\",\"logo\":{\"@type\":\"ImageObject\",\"inLanguage\":\"pt-BR\",\"@id\":\"https:\\\/\\\/ellotv.com.br\\\/site\\\/#\\\/schema\\\/logo\\\/image\\\/\",\"url\":\"https:\\\/\\\/ellotv.com.br\\\/site\\\/wp-content\\\/uploads\\\/2025\\\/11\\\/ello-logo-2.fw_.png\",\"contentUrl\":\"https:\\\/\\\/ellotv.com.br\\\/site\\\/wp-content\\\/uploads\\\/2025\\\/11\\\/ello-logo-2.fw_.png\",\"width\":400,\"height\":146,\"caption\":\"ELLO TV\"},\"image\":{\"@id\":\"https:\\\/\\\/ellotv.com.br\\\/site\\\/#\\\/schema\\\/logo\\\/image\\\/\"}},{\"@type\":\"Person\",\"@id\":\"https:\\\/\\\/ellotv.com.br\\\/site\\\/#\\\/schema\\\/person\\\/2dbe3abaee38dcc7332fc8205cd2b15d\",\"name\":\"ELLO TV\",\"image\":{\"@type\":\"ImageObject\",\"inLanguage\":\"pt-BR\",\"@id\":\"https:\\\/\\\/secure.gravatar.com\\\/avatar\\\/c38242b9da8ec217ac3f0aaee31a54f7d7befb11b2b47fdbc8fb0fad60afa1c6?s=96&d=mm&r=g\",\"url\":\"https:\\\/\\\/secure.gravatar.com\\\/avatar\\\/c38242b9da8ec217ac3f0aaee31a54f7d7befb11b2b47fdbc8fb0fad60afa1c6?s=96&d=mm&r=g\",\"contentUrl\":\"https:\\\/\\\/secure.gravatar.com\\\/avatar\\\/c38242b9da8ec217ac3f0aaee31a54f7d7befb11b2b47fdbc8fb0fad60afa1c6?s=96&d=mm&r=g\",\"caption\":\"ELLO TV\"},\"url\":\"https:\\\/\\\/ellotv.com.br\\\/site\\\/author\\\/elloagencia\\\/\"}]}<\/script>\n<!-- \/ Yoast SEO plugin. -->","yoast_head_json":{"title":"Causos & Causas recebe Dr. Leonardo Moreira Santos para debate sobre advocacia e Quinto Constitucional - Ello TV","description":"Causos & Causas recebe Dr. Leonardo Moreira Santos para falar sobre advocacia, TJPE, doc\u00eancia e Quinto Constitucional.","robots":{"index":"index","follow":"follow","max-snippet":"max-snippet:-1","max-image-preview":"max-image-preview:large","max-video-preview":"max-video-preview:-1"},"canonical":"https:\/\/ellotv.com.br\/site\/2026\/08\/11\/causos-causas-recebe-dr-leonardo-moreira-santos-para-debate-sobre-advocacia-e-quinto-constitucional\/","og_locale":"pt_BR","og_type":"article","og_title":"Causos & Causas recebe Dr. Leonardo Moreira Santos para debate sobre advocacia e Quinto Constitucional - Ello TV","og_description":"Causos & Causas recebe Dr. Leonardo Moreira Santos para falar sobre advocacia, TJPE, doc\u00eancia e Quinto Constitucional.","og_url":"https:\/\/ellotv.com.br\/site\/2026\/08\/11\/causos-causas-recebe-dr-leonardo-moreira-santos-para-debate-sobre-advocacia-e-quinto-constitucional\/","og_site_name":"Ello TV","article_published_time":"2026-08-11T12:30:51+00:00","og_image":[{"width":1280,"height":1600,"url":"https:\/\/ellotv.com.br\/site\/wp-content\/uploads\/2026\/08\/WhatsApp-Image-2026-08-11-at-09.07.24.jpeg","type":"image\/jpeg"}],"author":"ELLO TV","twitter_card":"summary_large_image","twitter_misc":{"Escrito por":"ELLO TV","Est. tempo de leitura":"1 minuto"},"schema":{"@context":"https:\/\/schema.org","@graph":[{"@type":"Article","@id":"https:\/\/ellotv.com.br\/site\/2026\/08\/11\/causos-causas-recebe-dr-leonardo-moreira-santos-para-debate-sobre-advocacia-e-quinto-constitucional\/#article","isPartOf":{"@id":"https:\/\/ellotv.com.br\/site\/2026\/08\/11\/causos-causas-recebe-dr-leonardo-moreira-santos-para-debate-sobre-advocacia-e-quinto-constitucional\/"},"author":{"name":"ELLO TV","@id":"https:\/\/ellotv.com.br\/site\/#\/schema\/person\/2dbe3abaee38dcc7332fc8205cd2b15d"},"headline":"Causos &#038; Causas recebe Dr. Leonardo Moreira Santos para debate sobre advocacia e Quinto Constitucional","datePublished":"2026-08-11T12:30:51+00:00","mainEntityOfPage":{"@id":"https:\/\/ellotv.com.br\/site\/2026\/08\/11\/causos-causas-recebe-dr-leonardo-moreira-santos-para-debate-sobre-advocacia-e-quinto-constitucional\/"},"wordCount":269,"commentCount":0,"publisher":{"@id":"https:\/\/ellotv.com.br\/site\/#organization"},"image":{"@id":"https:\/\/ellotv.com.br\/site\/2026\/08\/11\/causos-causas-recebe-dr-leonardo-moreira-santos-para-debate-sobre-advocacia-e-quinto-constitucional\/#primaryimage"},"thumbnailUrl":"https:\/\/ellotv.com.br\/site\/wp-content\/uploads\/2026\/08\/WhatsApp-Image-2026-08-11-at-09.07.24.jpeg","articleSection":["Ello"],"inLanguage":"pt-BR","potentialAction":[{"@type":"CommentAction","name":"Comment","target":["https:\/\/ellotv.com.br\/site\/2026\/08\/11\/causos-causas-recebe-dr-leonardo-moreira-santos-para-debate-sobre-advocacia-e-quinto-constitucional\/#respond"]}]},{"@type":"WebPage","@id":"https:\/\/ellotv.com.br\/site\/2026\/08\/11\/causos-causas-recebe-dr-leonardo-moreira-santos-para-debate-sobre-advocacia-e-quinto-constitucional\/","url":"https:\/\/ellotv.com.br\/site\/2026\/08\/11\/causos-causas-recebe-dr-leonardo-moreira-santos-para-debate-sobre-advocacia-e-quinto-constitucional\/","name":"Causos & Causas recebe Dr. Leonardo Moreira Santos para debate sobre advocacia e Quinto Constitucional - Ello TV","isPartOf":{"@id":"https:\/\/ellotv.com.br\/site\/#website"},"primaryImageOfPage":{"@id":"https:\/\/ellotv.com.br\/site\/2026\/08\/11\/causos-causas-recebe-dr-leonardo-moreira-santos-para-debate-sobre-advocacia-e-quinto-constitucional\/#primaryimage"},"image":{"@id":"https:\/\/ellotv.com.br\/site\/2026\/08\/11\/causos-causas-recebe-dr-leonardo-moreira-santos-para-debate-sobre-advocacia-e-quinto-constitucional\/#primaryimage"},"thumbnailUrl":"https:\/\/ellotv.com.br\/site\/wp-content\/uploads\/2026\/08\/WhatsApp-Image-2026-08-11-at-09.07.24.jpeg","datePublished":"2026-08-11T12:30:51+00:00","description":"Causos & Causas recebe Dr. Leonardo Moreira Santos para falar sobre advocacia, TJPE, doc\u00eancia e Quinto Constitucional.","breadcrumb":{"@id":"https:\/\/ellotv.com.br\/site\/2026\/08\/11\/causos-causas-recebe-dr-leonardo-moreira-santos-para-debate-sobre-advocacia-e-quinto-constitucional\/#breadcrumb"},"inLanguage":"pt-BR","potentialAction":[{"@type":"ReadAction","target":["https:\/\/ellotv.com.br\/site\/2026\/08\/11\/causos-causas-recebe-dr-leonardo-moreira-santos-para-debate-sobre-advocacia-e-quinto-constitucional\/"]}]},{"@type":"ImageObject","inLanguage":"pt-BR","@id":"https:\/\/ellotv.com.br\/site\/2026\/08\/11\/causos-causas-recebe-dr-leonardo-moreira-santos-para-debate-sobre-advocacia-e-quinto-constitucional\/#primaryimage","url":"https:\/\/ellotv.com.br\/site\/wp-content\/uploads\/2026\/08\/WhatsApp-Image-2026-08-11-at-09.07.24.jpeg","contentUrl":"https:\/\/ellotv.com.br\/site\/wp-content\/uploads\/2026\/08\/WhatsApp-Image-2026-08-11-at-09.07.24.jpeg","width":1280,"height":1600},{"@type":"BreadcrumbList","@id":"https:\/\/ellotv.com.br\/site\/2026\/08\/11\/causos-causas-recebe-dr-leonardo-moreira-santos-para-debate-sobre-advocacia-e-quinto-constitucional\/#breadcrumb","itemListElement":[{"@type":"ListItem","position":1,"name":"In\u00edcio","item":"https:\/\/ellotv.com.br\/site\/"},{"@type":"ListItem","position":2,"name":"Causos &#038; Causas recebe Dr. Leonardo Moreira Santos para debate sobre advocacia e Quinto Constitucional"}]},{"@type":"WebSite","@id":"https:\/\/ellotv.com.br\/site\/#website","url":"https:\/\/ellotv.com.br\/site\/","name":"ELLO TV","description":"","publisher":{"@id":"https:\/\/ellotv.com.br\/site\/#organization"},"potentialAction":[{"@type":"SearchAction","target":{"@type":"EntryPoint","urlTemplate":"https:\/\/ellotv.com.br\/site\/?s={search_term_string}"},"query-input":{"@type":"PropertyValueSpecification","valueRequired":true,"valueName":"search_term_string"}}],"inLanguage":"pt-BR"},{"@type":"Organization","@id":"https:\/\/ellotv.com.br\/site\/#organization","name":"ELLO TV","url":"https:\/\/ellotv.com.br\/site\/","logo":{"@type":"ImageObject","inLanguage":"pt-BR","@id":"https:\/\/ellotv.com.br\/site\/#\/schema\/logo\/image\/","url":"https:\/\/ellotv.com.br\/site\/wp-content\/uploads\/2025\/11\/ello-logo-2.fw_.png","contentUrl":"https:\/\/ellotv.com.br\/site\/wp-content\/uploads\/2025\/11\/ello-logo-2.fw_.png","width":400,"height":146,"caption":"ELLO TV"},"image":{"@id":"https:\/\/ellotv.com.br\/site\/#\/schema\/logo\/image\/"}},{"@type":"Person","@id":"https:\/\/ellotv.com.br\/site\/#\/schema\/person\/2dbe3abaee38dcc7332fc8205cd2b15d","name":"ELLO TV","image":{"@type":"ImageObject","inLanguage":"pt-BR","@id":"https:\/\/secure.gravatar.com\/avatar\/c38242b9da8ec217ac3f0aaee31a54f7d7befb11b2b47fdbc8fb0fad60afa1c6?s=96&d=mm&r=g","url":"https:\/\/secure.gravatar.com\/avatar\/c38242b9da8ec217ac3f0aaee31a54f7d7befb11b2b47fdbc8fb0fad60afa1c6?s=96&d=mm&r=g","contentUrl":"https:\/\/secure.gravatar.com\/avatar\/c38242b9da8ec217ac3f0aaee31a54f7d7befb11b2b47fdbc8fb0fad60afa1c6?s=96&d=mm&r=g","caption":"ELLO TV"},"url":"https:\/\/ellotv.com.br\/site\/author\/elloagencia\/"}]}},"featured_image_urls":{"full":["https:\/\/ellotv.com.br\/site\/wp-content\/uploads\/2026\/08\/WhatsApp-Image-2026-08-11-at-09.07.24.jpeg",1280,1600,false],"thumbnail":["https:\/\/ellotv.com.br\/site\/wp-content\/uploads\/2026\/08\/WhatsApp-Image-2026-08-11-at-09.07.24-150x150.jpeg",150,150,true],"medium":["https:\/\/ellotv.com.br\/site\/wp-content\/uploads\/2026\/08\/WhatsApp-Image-2026-08-11-at-09.07.24-240x300.jpeg",240,300,true],"medium_large":["https:\/\/ellotv.com.br\/site\/wp-content\/uploads\/2026\/08\/WhatsApp-Image-2026-08-11-at-09.07.24-768x960.jpeg",640,800,true],"large":["https:\/\/ellotv.com.br\/site\/wp-content\/uploads\/2026\/08\/WhatsApp-Image-2026-08-11-at-09.07.24-819x1024.jpeg",640,800,true],"1536x1536":["https:\/\/ellotv.com.br\/site\/wp-content\/uploads\/2026\/08\/WhatsApp-Image-2026-08-11-at-09.07.24-1229x1536.jpeg",1229,1536,true],"2048x2048":["https:\/\/ellotv.com.br\/site\/wp-content\/uploads\/2026\/08\/WhatsApp-Image-2026-08-11-at-09.07.24.jpeg",1280,1600,false],"darknews-slider-full":["https:\/\/ellotv.com.br\/site\/wp-content\/uploads\/2026\/08\/WhatsApp-Image-2026-08-11-at-09.07.24-1280x720.jpeg",1280,720,true],"darknews-featured":["https:\/\/ellotv.com.br\/site\/wp-content\/uploads\/2026\/08\/WhatsApp-Image-2026-08-11-at-09.07.24-1024x1280.jpeg",1024,1280,true],"darknews-medium":["https:\/\/ellotv.com.br\/site\/wp-content\/uploads\/2026\/08\/WhatsApp-Image-2026-08-11-at-09.07.24-720x530.jpeg",720,530,true],"darknews-medium-square":["https:\/\/ellotv.com.br\/site\/wp-content\/uploads\/2026\/08\/WhatsApp-Image-2026-08-11-at-09.07.24-350x350.jpeg",350,350,true]},"author_info":{"info":["ELLO TV"]},"category_info":"<a href=\"https:\/\/ellotv.com.br\/site\/category\/ello\/\" rel=\"category tag\">Ello<\/a>","tag_info":"Ello","comment_count":"0","_links":{"self":[{"href":"https:\/\/ellotv.com.br\/site\/wp-json\/wp\/v2\/posts\/6721","targetHints":{"allow":["GET"]}}],"collection":[{"href":"https:\/\/ellotv.com.br\/site\/wp-json\/wp\/v2\/posts"}],"about":[{"href":"https:\/\/ellotv.com.br\/site\/wp-json\/wp\/v2\/types\/post"}],"author":[{"embeddable":true,"href":"https:\/\/ellotv.com.br\/site\/wp-json\/wp\/v2\/users\/2"}],"replies":[{"embeddable":true,"href":"https:\/\/ellotv.com.br\/site\/wp-json\/wp\/v2\/comments?post=6721"}],"version-history":[{"count":1,"href":"https:\/\/ellotv.com.br\/site\/wp-json\/wp\/v2\/posts\/6721\/revisions"}],"predecessor-version":[{"id":6723,"href":"https:\/\/ellotv.com.br\/site\/wp-json\/wp\/v2\/posts\/6721\/revisions\/6723"}],"wp:featuredmedia":[{"embeddable":true,"href":"https:\/\/ellotv.com.br\/site\/wp-json\/wp\/v2\/media\/6722"}],"wp:attachment":[{"href":"https:\/\/ellotv.com.br\/site\/wp-json\/wp\/v2\/media?parent=6721"}],"wp:term":[{"taxonomy":"category","embeddable":true,"href":"https:\/\/ellotv.com.br\/site\/wp-json\/wp\/v2\/categories?post=6721"},{"taxonomy":"post_tag","embeddable":true,"href":"https:\/\/ellotv.com.br\/site\/wp-json\/wp\/v2\/tags?post=6721"}],"curies":[{"name":"wp","href":"https:\/\/api.w.org\/{rel}","templated":true}]}}