{"id":6755,"date":"2026-08-25T08:59:27","date_gmt":"2026-08-25T11:59:27","guid":{"rendered":"https:\/\/ellotv.com.br\/site\/?p=6755"},"modified":"2026-08-25T08:59:27","modified_gmt":"2026-08-25T11:59:27","slug":"sao-paulo-de-perto-acompanha-gravacao-do-dvd-chama-no-bregao-2","status":"publish","type":"post","link":"https:\/\/ellotv.com.br\/site\/2026\/08\/25\/sao-paulo-de-perto-acompanha-gravacao-do-dvd-chama-no-bregao-2\/","title":{"rendered":"S\u00e3o Paulo de Perto acompanha grava\u00e7\u00e3o do DVD \u201cChama no Breg\u00e3o 2\u201d"},"content":{"rendered":"<p class=\"isSelectedEnd\">No epis\u00f3dio #14 do S\u00e3o Paulo de Perto, DJ Criss traz mais uma cobertura especial da ELLO TV diretamente de S\u00e3o Paulo, mostrando os melhores momentos da grava\u00e7\u00e3o do DVD \u201cChama no Breg\u00e3o 2\u201d, realizada no CTN \u2013 Centro de Tradi\u00e7\u00f5es Nordestinas.<\/p>\n<p class=\"isSelectedEnd\"><strong>M\u00fasica e cultura nordestina<\/strong><\/p>\n<p class=\"isSelectedEnd\">O epis\u00f3dio mergulha no universo do brega e da m\u00fasica nordestina, destacando artistas e momentos marcantes da grava\u00e7\u00e3o.<\/p>\n<p class=\"isSelectedEnd\"><strong>Bastidores da grava\u00e7\u00e3o<\/strong><\/p>\n<p class=\"isSelectedEnd\">DJ Criss mostra de perto os bastidores e a energia de um dos grandes eventos realizados no CTN.<\/p>\n<p class=\"isSelectedEnd\"><strong>Nordeste em S\u00e3o Paulo<\/strong><\/p>\n<p class=\"isSelectedEnd\">A cobertura refor\u00e7a a for\u00e7a da cultura nordestina na capital paulista, reunindo m\u00fasica, artistas e tradi\u00e7\u00f5es em um s\u00f3 lugar.<\/p>\n<p class=\"isSelectedEnd\"><strong>Cobertura especial ELLO TV<\/strong><\/p>\n<p class=\"isSelectedEnd\">Mais uma produ\u00e7\u00e3o que aproxima o p\u00fablico dos grandes eventos e das hist\u00f3rias que movimentam S\u00e3o Paulo.<\/p>\n<p class=\"isSelectedEnd\"><strong>Quando assistir<\/strong><\/p>\n<p class=\"isSelectedEnd\">\ud83d\uddd3\ufe0f 29 de agosto<br \/>\n\ud83d\udd56 \u00c0s 19h<br \/>\n\ud83d\udcfa Assista na <a href=\"https:\/\/www.youtube.com\/@ELLOTVOF\">ELLO TV!<\/a><\/p>\n","protected":false},"excerpt":{"rendered":"<p>No epis\u00f3dio #14 do S\u00e3o Paulo de Perto, DJ Criss traz mais uma cobertura especial da ELLO TV<\/p>\n","protected":false},"author":2,"featured_media":6756,"comment_status":"open","ping_status":"open","sticky":false,"template":"","format":"standard","meta":{"footnotes":""},"categories":[1],"tags":[],"class_list":["post-6755","post","type-post","status-publish","format-standard","has-post-thumbnail","hentry","category-ello"],"yoast_head":"<!-- This site is optimized with the Yoast SEO plugin v28.3 - https:\/\/yoast.com\/product\/yoast-seo-wordpress\/ -->\n<title>S\u00e3o Paulo de Perto acompanha grava\u00e7\u00e3o do DVD \u201cChama no Breg\u00e3o 2\u201d - Ello TV<\/title>\n<meta name=\"description\" content=\"S\u00e3o Paulo de Perto acompanha a grava\u00e7\u00e3o do DVD \u201cChama no Breg\u00e3o 2\u201d no CTN, com m\u00fasica, bastidores e cultura nordestina.\" \/>\n<meta name=\"robots\" content=\"index, follow, max-snippet:-1, max-image-preview:large, max-video-preview:-1\" \/>\n<link rel=\"canonical\" href=\"https:\/\/ellotv.com.br\/site\/2026\/08\/25\/sao-paulo-de-perto-acompanha-gravacao-do-dvd-chama-no-bregao-2\/\" \/>\n<meta property=\"og:locale\" content=\"pt_BR\" \/>\n<meta property=\"og:type\" content=\"article\" \/>\n<meta property=\"og:title\" content=\"S\u00e3o Paulo de Perto acompanha grava\u00e7\u00e3o do DVD \u201cChama no Breg\u00e3o 2\u201d - Ello TV\" \/>\n<meta property=\"og:description\" content=\"S\u00e3o Paulo de Perto acompanha a grava\u00e7\u00e3o do DVD \u201cChama no Breg\u00e3o 2\u201d no CTN, com m\u00fasica, bastidores e cultura nordestina.\" \/>\n<meta property=\"og:url\" content=\"https:\/\/ellotv.com.br\/site\/2026\/08\/25\/sao-paulo-de-perto-acompanha-gravacao-do-dvd-chama-no-bregao-2\/\" \/>\n<meta property=\"og:site_name\" content=\"Ello TV\" \/>\n<meta property=\"article:published_time\" content=\"2026-08-25T11:59:27+00:00\" \/>\n<meta property=\"og:image\" content=\"https:\/\/ellotv.com.br\/site\/wp-content\/uploads\/2026\/08\/WhatsApp-Image-2026-08-24-at-16.08.08.jpeg\" \/>\n\t<meta property=\"og:image:width\" content=\"1080\" \/>\n\t<meta property=\"og:image:height\" content=\"1350\" \/>\n\t<meta property=\"og:image:type\" content=\"image\/jpeg\" \/>\n<meta name=\"author\" content=\"ELLO TV\" \/>\n<meta name=\"twitter:card\" content=\"summary_large_image\" \/>\n<meta name=\"twitter:label1\" content=\"Escrito por\" \/>\n\t<meta name=\"twitter:data1\" content=\"ELLO TV\" \/>\n\t<meta name=\"twitter:label2\" content=\"Est. tempo de leitura\" \/>\n\t<meta name=\"twitter:data2\" content=\"1 minuto\" \/>\n<script type=\"application\/ld+json\" class=\"yoast-schema-graph\">{\"@context\":\"https:\\\/\\\/schema.org\",\"@graph\":[{\"@type\":\"Article\",\"@id\":\"https:\\\/\\\/ellotv.com.br\\\/site\\\/2026\\\/08\\\/25\\\/sao-paulo-de-perto-acompanha-gravacao-do-dvd-chama-no-bregao-2\\\/#article\",\"isPartOf\":{\"@id\":\"https:\\\/\\\/ellotv.com.br\\\/site\\\/2026\\\/08\\\/25\\\/sao-paulo-de-perto-acompanha-gravacao-do-dvd-chama-no-bregao-2\\\/\"},\"author\":{\"name\":\"ELLO TV\",\"@id\":\"https:\\\/\\\/ellotv.com.br\\\/site\\\/#\\\/schema\\\/person\\\/2dbe3abaee38dcc7332fc8205cd2b15d\"},\"headline\":\"S\u00e3o Paulo de Perto acompanha grava\u00e7\u00e3o do DVD \u201cChama no Breg\u00e3o 2\u201d\",\"datePublished\":\"2026-08-25T11:59:27+00:00\",\"mainEntityOfPage\":{\"@id\":\"https:\\\/\\\/ellotv.com.br\\\/site\\\/2026\\\/08\\\/25\\\/sao-paulo-de-perto-acompanha-gravacao-do-dvd-chama-no-bregao-2\\\/\"},\"wordCount\":171,\"commentCount\":0,\"publisher\":{\"@id\":\"https:\\\/\\\/ellotv.com.br\\\/site\\\/#organization\"},\"image\":{\"@id\":\"https:\\\/\\\/ellotv.com.br\\\/site\\\/2026\\\/08\\\/25\\\/sao-paulo-de-perto-acompanha-gravacao-do-dvd-chama-no-bregao-2\\\/#primaryimage\"},\"thumbnailUrl\":\"https:\\\/\\\/ellotv.com.br\\\/site\\\/wp-content\\\/uploads\\\/2026\\\/08\\\/WhatsApp-Image-2026-08-24-at-16.08.08.jpeg\",\"articleSection\":[\"Ello\"],\"inLanguage\":\"pt-BR\",\"potentialAction\":[{\"@type\":\"CommentAction\",\"name\":\"Comment\",\"target\":[\"https:\\\/\\\/ellotv.com.br\\\/site\\\/2026\\\/08\\\/25\\\/sao-paulo-de-perto-acompanha-gravacao-do-dvd-chama-no-bregao-2\\\/#respond\"]}]},{\"@type\":\"WebPage\",\"@id\":\"https:\\\/\\\/ellotv.com.br\\\/site\\\/2026\\\/08\\\/25\\\/sao-paulo-de-perto-acompanha-gravacao-do-dvd-chama-no-bregao-2\\\/\",\"url\":\"https:\\\/\\\/ellotv.com.br\\\/site\\\/2026\\\/08\\\/25\\\/sao-paulo-de-perto-acompanha-gravacao-do-dvd-chama-no-bregao-2\\\/\",\"name\":\"S\u00e3o Paulo de Perto acompanha grava\u00e7\u00e3o do DVD \u201cChama no Breg\u00e3o 2\u201d - Ello TV\",\"isPartOf\":{\"@id\":\"https:\\\/\\\/ellotv.com.br\\\/site\\\/#website\"},\"primaryImageOfPage\":{\"@id\":\"https:\\\/\\\/ellotv.com.br\\\/site\\\/2026\\\/08\\\/25\\\/sao-paulo-de-perto-acompanha-gravacao-do-dvd-chama-no-bregao-2\\\/#primaryimage\"},\"image\":{\"@id\":\"https:\\\/\\\/ellotv.com.br\\\/site\\\/2026\\\/08\\\/25\\\/sao-paulo-de-perto-acompanha-gravacao-do-dvd-chama-no-bregao-2\\\/#primaryimage\"},\"thumbnailUrl\":\"https:\\\/\\\/ellotv.com.br\\\/site\\\/wp-content\\\/uploads\\\/2026\\\/08\\\/WhatsApp-Image-2026-08-24-at-16.08.08.jpeg\",\"datePublished\":\"2026-08-25T11:59:27+00:00\",\"description\":\"S\u00e3o Paulo de Perto acompanha a grava\u00e7\u00e3o do DVD \u201cChama no Breg\u00e3o 2\u201d no CTN, com m\u00fasica, bastidores e cultura nordestina.\",\"breadcrumb\":{\"@id\":\"https:\\\/\\\/ellotv.com.br\\\/site\\\/2026\\\/08\\\/25\\\/sao-paulo-de-perto-acompanha-gravacao-do-dvd-chama-no-bregao-2\\\/#breadcrumb\"},\"inLanguage\":\"pt-BR\",\"potentialAction\":[{\"@type\":\"ReadAction\",\"target\":[\"https:\\\/\\\/ellotv.com.br\\\/site\\\/2026\\\/08\\\/25\\\/sao-paulo-de-perto-acompanha-gravacao-do-dvd-chama-no-bregao-2\\\/\"]}]},{\"@type\":\"ImageObject\",\"inLanguage\":\"pt-BR\",\"@id\":\"https:\\\/\\\/ellotv.com.br\\\/site\\\/2026\\\/08\\\/25\\\/sao-paulo-de-perto-acompanha-gravacao-do-dvd-chama-no-bregao-2\\\/#primaryimage\",\"url\":\"https:\\\/\\\/ellotv.com.br\\\/site\\\/wp-content\\\/uploads\\\/2026\\\/08\\\/WhatsApp-Image-2026-08-24-at-16.08.08.jpeg\",\"contentUrl\":\"https:\\\/\\\/ellotv.com.br\\\/site\\\/wp-content\\\/uploads\\\/2026\\\/08\\\/WhatsApp-Image-2026-08-24-at-16.08.08.jpeg\",\"width\":1080,\"height\":1350},{\"@type\":\"BreadcrumbList\",\"@id\":\"https:\\\/\\\/ellotv.com.br\\\/site\\\/2026\\\/08\\\/25\\\/sao-paulo-de-perto-acompanha-gravacao-do-dvd-chama-no-bregao-2\\\/#breadcrumb\",\"itemListElement\":[{\"@type\":\"ListItem\",\"position\":1,\"name\":\"In\u00edcio\",\"item\":\"https:\\\/\\\/ellotv.com.br\\\/site\\\/\"},{\"@type\":\"ListItem\",\"position\":2,\"name\":\"S\u00e3o Paulo de Perto acompanha grava\u00e7\u00e3o do DVD \u201cChama no Breg\u00e3o 2\u201d\"}]},{\"@type\":\"WebSite\",\"@id\":\"https:\\\/\\\/ellotv.com.br\\\/site\\\/#website\",\"url\":\"https:\\\/\\\/ellotv.com.br\\\/site\\\/\",\"name\":\"ELLO TV\",\"description\":\"\",\"publisher\":{\"@id\":\"https:\\\/\\\/ellotv.com.br\\\/site\\\/#organization\"},\"potentialAction\":[{\"@type\":\"SearchAction\",\"target\":{\"@type\":\"EntryPoint\",\"urlTemplate\":\"https:\\\/\\\/ellotv.com.br\\\/site\\\/?s={search_term_string}\"},\"query-input\":{\"@type\":\"PropertyValueSpecification\",\"valueRequired\":true,\"valueName\":\"search_term_string\"}}],\"inLanguage\":\"pt-BR\"},{\"@type\":\"Organization\",\"@id\":\"https:\\\/\\\/ellotv.com.br\\\/site\\\/#organization\",\"name\":\"ELLO TV\",\"url\":\"https:\\\/\\\/ellotv.com.br\\\/site\\\/\",\"logo\":{\"@type\":\"ImageObject\",\"inLanguage\":\"pt-BR\",\"@id\":\"https:\\\/\\\/ellotv.com.br\\\/site\\\/#\\\/schema\\\/logo\\\/image\\\/\",\"url\":\"https:\\\/\\\/ellotv.com.br\\\/site\\\/wp-content\\\/uploads\\\/2025\\\/11\\\/ello-logo-2.fw_.png\",\"contentUrl\":\"https:\\\/\\\/ellotv.com.br\\\/site\\\/wp-content\\\/uploads\\\/2025\\\/11\\\/ello-logo-2.fw_.png\",\"width\":400,\"height\":146,\"caption\":\"ELLO TV\"},\"image\":{\"@id\":\"https:\\\/\\\/ellotv.com.br\\\/site\\\/#\\\/schema\\\/logo\\\/image\\\/\"}},{\"@type\":\"Person\",\"@id\":\"https:\\\/\\\/ellotv.com.br\\\/site\\\/#\\\/schema\\\/person\\\/2dbe3abaee38dcc7332fc8205cd2b15d\",\"name\":\"ELLO TV\",\"image\":{\"@type\":\"ImageObject\",\"inLanguage\":\"pt-BR\",\"@id\":\"https:\\\/\\\/secure.gravatar.com\\\/avatar\\\/c38242b9da8ec217ac3f0aaee31a54f7d7befb11b2b47fdbc8fb0fad60afa1c6?s=96&d=mm&r=g\",\"url\":\"https:\\\/\\\/secure.gravatar.com\\\/avatar\\\/c38242b9da8ec217ac3f0aaee31a54f7d7befb11b2b47fdbc8fb0fad60afa1c6?s=96&d=mm&r=g\",\"contentUrl\":\"https:\\\/\\\/secure.gravatar.com\\\/avatar\\\/c38242b9da8ec217ac3f0aaee31a54f7d7befb11b2b47fdbc8fb0fad60afa1c6?s=96&d=mm&r=g\",\"caption\":\"ELLO TV\"},\"url\":\"https:\\\/\\\/ellotv.com.br\\\/site\\\/author\\\/elloagencia\\\/\"}]}<\/script>\n<!-- \/ Yoast SEO plugin. -->","yoast_head_json":{"title":"S\u00e3o Paulo de Perto acompanha grava\u00e7\u00e3o do DVD \u201cChama no Breg\u00e3o 2\u201d - Ello TV","description":"S\u00e3o Paulo de Perto acompanha a grava\u00e7\u00e3o do DVD \u201cChama no Breg\u00e3o 2\u201d no CTN, com m\u00fasica, bastidores e cultura nordestina.","robots":{"index":"index","follow":"follow","max-snippet":"max-snippet:-1","max-image-preview":"max-image-preview:large","max-video-preview":"max-video-preview:-1"},"canonical":"https:\/\/ellotv.com.br\/site\/2026\/08\/25\/sao-paulo-de-perto-acompanha-gravacao-do-dvd-chama-no-bregao-2\/","og_locale":"pt_BR","og_type":"article","og_title":"S\u00e3o Paulo de Perto acompanha grava\u00e7\u00e3o do DVD \u201cChama no Breg\u00e3o 2\u201d - Ello TV","og_description":"S\u00e3o Paulo de Perto acompanha a grava\u00e7\u00e3o do DVD \u201cChama no Breg\u00e3o 2\u201d no CTN, com m\u00fasica, bastidores e cultura nordestina.","og_url":"https:\/\/ellotv.com.br\/site\/2026\/08\/25\/sao-paulo-de-perto-acompanha-gravacao-do-dvd-chama-no-bregao-2\/","og_site_name":"Ello TV","article_published_time":"2026-08-25T11:59:27+00:00","og_image":[{"width":1080,"height":1350,"url":"https:\/\/ellotv.com.br\/site\/wp-content\/uploads\/2026\/08\/WhatsApp-Image-2026-08-24-at-16.08.08.jpeg","type":"image\/jpeg"}],"author":"ELLO TV","twitter_card":"summary_large_image","twitter_misc":{"Escrito por":"ELLO TV","Est. tempo de leitura":"1 minuto"},"schema":{"@context":"https:\/\/schema.org","@graph":[{"@type":"Article","@id":"https:\/\/ellotv.com.br\/site\/2026\/08\/25\/sao-paulo-de-perto-acompanha-gravacao-do-dvd-chama-no-bregao-2\/#article","isPartOf":{"@id":"https:\/\/ellotv.com.br\/site\/2026\/08\/25\/sao-paulo-de-perto-acompanha-gravacao-do-dvd-chama-no-bregao-2\/"},"author":{"name":"ELLO TV","@id":"https:\/\/ellotv.com.br\/site\/#\/schema\/person\/2dbe3abaee38dcc7332fc8205cd2b15d"},"headline":"S\u00e3o Paulo de Perto acompanha grava\u00e7\u00e3o do DVD \u201cChama no Breg\u00e3o 2\u201d","datePublished":"2026-08-25T11:59:27+00:00","mainEntityOfPage":{"@id":"https:\/\/ellotv.com.br\/site\/2026\/08\/25\/sao-paulo-de-perto-acompanha-gravacao-do-dvd-chama-no-bregao-2\/"},"wordCount":171,"commentCount":0,"publisher":{"@id":"https:\/\/ellotv.com.br\/site\/#organization"},"image":{"@id":"https:\/\/ellotv.com.br\/site\/2026\/08\/25\/sao-paulo-de-perto-acompanha-gravacao-do-dvd-chama-no-bregao-2\/#primaryimage"},"thumbnailUrl":"https:\/\/ellotv.com.br\/site\/wp-content\/uploads\/2026\/08\/WhatsApp-Image-2026-08-24-at-16.08.08.jpeg","articleSection":["Ello"],"inLanguage":"pt-BR","potentialAction":[{"@type":"CommentAction","name":"Comment","target":["https:\/\/ellotv.com.br\/site\/2026\/08\/25\/sao-paulo-de-perto-acompanha-gravacao-do-dvd-chama-no-bregao-2\/#respond"]}]},{"@type":"WebPage","@id":"https:\/\/ellotv.com.br\/site\/2026\/08\/25\/sao-paulo-de-perto-acompanha-gravacao-do-dvd-chama-no-bregao-2\/","url":"https:\/\/ellotv.com.br\/site\/2026\/08\/25\/sao-paulo-de-perto-acompanha-gravacao-do-dvd-chama-no-bregao-2\/","name":"S\u00e3o Paulo de Perto acompanha grava\u00e7\u00e3o do DVD \u201cChama no Breg\u00e3o 2\u201d - Ello TV","isPartOf":{"@id":"https:\/\/ellotv.com.br\/site\/#website"},"primaryImageOfPage":{"@id":"https:\/\/ellotv.com.br\/site\/2026\/08\/25\/sao-paulo-de-perto-acompanha-gravacao-do-dvd-chama-no-bregao-2\/#primaryimage"},"image":{"@id":"https:\/\/ellotv.com.br\/site\/2026\/08\/25\/sao-paulo-de-perto-acompanha-gravacao-do-dvd-chama-no-bregao-2\/#primaryimage"},"thumbnailUrl":"https:\/\/ellotv.com.br\/site\/wp-content\/uploads\/2026\/08\/WhatsApp-Image-2026-08-24-at-16.08.08.jpeg","datePublished":"2026-08-25T11:59:27+00:00","description":"S\u00e3o Paulo de Perto acompanha a grava\u00e7\u00e3o do DVD \u201cChama no Breg\u00e3o 2\u201d no CTN, com m\u00fasica, bastidores e cultura nordestina.","breadcrumb":{"@id":"https:\/\/ellotv.com.br\/site\/2026\/08\/25\/sao-paulo-de-perto-acompanha-gravacao-do-dvd-chama-no-bregao-2\/#breadcrumb"},"inLanguage":"pt-BR","potentialAction":[{"@type":"ReadAction","target":["https:\/\/ellotv.com.br\/site\/2026\/08\/25\/sao-paulo-de-perto-acompanha-gravacao-do-dvd-chama-no-bregao-2\/"]}]},{"@type":"ImageObject","inLanguage":"pt-BR","@id":"https:\/\/ellotv.com.br\/site\/2026\/08\/25\/sao-paulo-de-perto-acompanha-gravacao-do-dvd-chama-no-bregao-2\/#primaryimage","url":"https:\/\/ellotv.com.br\/site\/wp-content\/uploads\/2026\/08\/WhatsApp-Image-2026-08-24-at-16.08.08.jpeg","contentUrl":"https:\/\/ellotv.com.br\/site\/wp-content\/uploads\/2026\/08\/WhatsApp-Image-2026-08-24-at-16.08.08.jpeg","width":1080,"height":1350},{"@type":"BreadcrumbList","@id":"https:\/\/ellotv.com.br\/site\/2026\/08\/25\/sao-paulo-de-perto-acompanha-gravacao-do-dvd-chama-no-bregao-2\/#breadcrumb","itemListElement":[{"@type":"ListItem","position":1,"name":"In\u00edcio","item":"https:\/\/ellotv.com.br\/site\/"},{"@type":"ListItem","position":2,"name":"S\u00e3o Paulo de Perto acompanha grava\u00e7\u00e3o do DVD \u201cChama no Breg\u00e3o 2\u201d"}]},{"@type":"WebSite","@id":"https:\/\/ellotv.com.br\/site\/#website","url":"https:\/\/ellotv.com.br\/site\/","name":"ELLO TV","description":"","publisher":{"@id":"https:\/\/ellotv.com.br\/site\/#organization"},"potentialAction":[{"@type":"SearchAction","target":{"@type":"EntryPoint","urlTemplate":"https:\/\/ellotv.com.br\/site\/?s={search_term_string}"},"query-input":{"@type":"PropertyValueSpecification","valueRequired":true,"valueName":"search_term_string"}}],"inLanguage":"pt-BR"},{"@type":"Organization","@id":"https:\/\/ellotv.com.br\/site\/#organization","name":"ELLO TV","url":"https:\/\/ellotv.com.br\/site\/","logo":{"@type":"ImageObject","inLanguage":"pt-BR","@id":"https:\/\/ellotv.com.br\/site\/#\/schema\/logo\/image\/","url":"https:\/\/ellotv.com.br\/site\/wp-content\/uploads\/2025\/11\/ello-logo-2.fw_.png","contentUrl":"https:\/\/ellotv.com.br\/site\/wp-content\/uploads\/2025\/11\/ello-logo-2.fw_.png","width":400,"height":146,"caption":"ELLO TV"},"image":{"@id":"https:\/\/ellotv.com.br\/site\/#\/schema\/logo\/image\/"}},{"@type":"Person","@id":"https:\/\/ellotv.com.br\/site\/#\/schema\/person\/2dbe3abaee38dcc7332fc8205cd2b15d","name":"ELLO TV","image":{"@type":"ImageObject","inLanguage":"pt-BR","@id":"https:\/\/secure.gravatar.com\/avatar\/c38242b9da8ec217ac3f0aaee31a54f7d7befb11b2b47fdbc8fb0fad60afa1c6?s=96&d=mm&r=g","url":"https:\/\/secure.gravatar.com\/avatar\/c38242b9da8ec217ac3f0aaee31a54f7d7befb11b2b47fdbc8fb0fad60afa1c6?s=96&d=mm&r=g","contentUrl":"https:\/\/secure.gravatar.com\/avatar\/c38242b9da8ec217ac3f0aaee31a54f7d7befb11b2b47fdbc8fb0fad60afa1c6?s=96&d=mm&r=g","caption":"ELLO TV"},"url":"https:\/\/ellotv.com.br\/site\/author\/elloagencia\/"}]}},"featured_image_urls":{"full":["https:\/\/ellotv.com.br\/site\/wp-content\/uploads\/2026\/08\/WhatsApp-Image-2026-08-24-at-16.08.08.jpeg",1080,1350,false],"thumbnail":["https:\/\/ellotv.com.br\/site\/wp-content\/uploads\/2026\/08\/WhatsApp-Image-2026-08-24-at-16.08.08-150x150.jpeg",150,150,true],"medium":["https:\/\/ellotv.com.br\/site\/wp-content\/uploads\/2026\/08\/WhatsApp-Image-2026-08-24-at-16.08.08-240x300.jpeg",240,300,true],"medium_large":["https:\/\/ellotv.com.br\/site\/wp-content\/uploads\/2026\/08\/WhatsApp-Image-2026-08-24-at-16.08.08-768x960.jpeg",640,800,true],"large":["https:\/\/ellotv.com.br\/site\/wp-content\/uploads\/2026\/08\/WhatsApp-Image-2026-08-24-at-16.08.08-819x1024.jpeg",640,800,true],"1536x1536":["https:\/\/ellotv.com.br\/site\/wp-content\/uploads\/2026\/08\/WhatsApp-Image-2026-08-24-at-16.08.08.jpeg",1080,1350,false],"2048x2048":["https:\/\/ellotv.com.br\/site\/wp-content\/uploads\/2026\/08\/WhatsApp-Image-2026-08-24-at-16.08.08.jpeg",1080,1350,false],"darknews-slider-full":["https:\/\/ellotv.com.br\/site\/wp-content\/uploads\/2026\/08\/WhatsApp-Image-2026-08-24-at-16.08.08-1080x720.jpeg",1080,720,true],"darknews-featured":["https:\/\/ellotv.com.br\/site\/wp-content\/uploads\/2026\/08\/WhatsApp-Image-2026-08-24-at-16.08.08-1024x1280.jpeg",1024,1280,true],"darknews-medium":["https:\/\/ellotv.com.br\/site\/wp-content\/uploads\/2026\/08\/WhatsApp-Image-2026-08-24-at-16.08.08-720x530.jpeg",720,530,true],"darknews-medium-square":["https:\/\/ellotv.com.br\/site\/wp-content\/uploads\/2026\/08\/WhatsApp-Image-2026-08-24-at-16.08.08-350x350.jpeg",350,350,true]},"author_info":{"info":["ELLO TV"]},"category_info":"<a href=\"https:\/\/ellotv.com.br\/site\/category\/ello\/\" rel=\"category tag\">Ello<\/a>","tag_info":"Ello","comment_count":"0","_links":{"self":[{"href":"https:\/\/ellotv.com.br\/site\/wp-json\/wp\/v2\/posts\/6755","targetHints":{"allow":["GET"]}}],"collection":[{"href":"https:\/\/ellotv.com.br\/site\/wp-json\/wp\/v2\/posts"}],"about":[{"href":"https:\/\/ellotv.com.br\/site\/wp-json\/wp\/v2\/types\/post"}],"author":[{"embeddable":true,"href":"https:\/\/ellotv.com.br\/site\/wp-json\/wp\/v2\/users\/2"}],"replies":[{"embeddable":true,"href":"https:\/\/ellotv.com.br\/site\/wp-json\/wp\/v2\/comments?post=6755"}],"version-history":[{"count":1,"href":"https:\/\/ellotv.com.br\/site\/wp-json\/wp\/v2\/posts\/6755\/revisions"}],"predecessor-version":[{"id":6757,"href":"https:\/\/ellotv.com.br\/site\/wp-json\/wp\/v2\/posts\/6755\/revisions\/6757"}],"wp:featuredmedia":[{"embeddable":true,"href":"https:\/\/ellotv.com.br\/site\/wp-json\/wp\/v2\/media\/6756"}],"wp:attachment":[{"href":"https:\/\/ellotv.com.br\/site\/wp-json\/wp\/v2\/media?parent=6755"}],"wp:term":[{"taxonomy":"category","embeddable":true,"href":"https:\/\/ellotv.com.br\/site\/wp-json\/wp\/v2\/categories?post=6755"},{"taxonomy":"post_tag","embeddable":true,"href":"https:\/\/ellotv.com.br\/site\/wp-json\/wp\/v2\/tags?post=6755"}],"curies":[{"name":"wp","href":"https:\/\/api.w.org\/{rel}","templated":true}]}}