{"id":6765,"date":"2026-08-26T16:41:38","date_gmt":"2026-08-26T19:41:38","guid":{"rendered":"https:\/\/ellotv.com.br\/site\/?p=6765"},"modified":"2026-08-26T16:41:38","modified_gmt":"2026-08-26T19:41:38","slug":"causos-causas-do-pajeu-a-amazonia-a-trajetoria-de-dr-valdir-perazzo-leite","status":"publish","type":"post","link":"https:\/\/ellotv.com.br\/site\/2026\/08\/26\/causos-causas-do-pajeu-a-amazonia-a-trajetoria-de-dr-valdir-perazzo-leite\/","title":{"rendered":"Causos &#038; Causas: do Paje\u00fa \u00e0 Amaz\u00f4nia, a trajet\u00f3ria de Dr. Valdir Perazzo Leite"},"content":{"rendered":"<p><strong>DO PAJE\u00da \u00c0 AMAZ\u00d4NIA: Uma hist\u00f3ria de vida, Justi\u00e7a e ra\u00edzes!<\/strong><\/p>\n<p>No epis\u00f3dio desta semana do Causos &amp; Causas, recebemos o Dr. Valdir Perazzo Leite, advogado criminalista, economista, articulista e ex-defensor p\u00fablico no Estado do Acre por quase duas d\u00e9cadas.<\/p>\n<p><strong>Ra\u00edzes no Sert\u00e3o<\/strong><\/p>\n<p>Dr. Valdir compartilha hist\u00f3rias da inf\u00e2ncia e das ra\u00edzes familiares no Sert\u00e3o do Paje\u00fa, relembrando as experi\u00eancias que ajudaram a construir sua trajet\u00f3ria.<\/p>\n<p><strong>Uma jornada pela Justi\u00e7a<\/strong><\/p>\n<p>A conversa tamb\u00e9m aborda sua decis\u00e3o de cruzar o pa\u00eds para atuar na defesa dos mais vulner\u00e1veis na Amaz\u00f4nia e os desafios encontrados ao longo dessa caminhada.<\/p>\n<p><strong>Paje\u00fa e mem\u00f3ria<\/strong><\/p>\n<p>Apaixonado pela hist\u00f3ria de sua terra natal, Tuparetama, o convidado fala sobre o trabalho de resgate e valoriza\u00e7\u00e3o da mem\u00f3ria e das ra\u00edzes do munic\u00edpio.<\/p>\n<p><strong>Regulariza\u00e7\u00e3o fundi\u00e1ria<\/strong><\/p>\n<p>O epis\u00f3dio traz ainda um debate sobre a import\u00e2ncia da regulariza\u00e7\u00e3o fundi\u00e1ria e seus impactos na vida das pessoas e no desenvolvimento das comunidades.<\/p>\n<p><strong>Advocacia criminal<\/strong><\/p>\n<p>Dr. Valdir tamb\u00e9m compartilha sua experi\u00eancia no Direito Penal e sua vis\u00e3o sobre o papel da advocacia criminal na defesa de direitos e garantias.<\/p>\n<p><strong>Lado humano<\/strong><\/p>\n<p>Al\u00e9m dos temas jur\u00eddicos e sociais, o epis\u00f3dio revela hist\u00f3rias pessoais em um quebra-gelo especial e inspirador.<\/p>\n<p><strong>Ping-pong final<\/strong><\/p>\n<p>E, para fechar, o tradicional quadro de perguntas r\u00e1pidas traz respostas descontra\u00eddas e momentos que mostram um pouco mais do lado pessoal do convidado.<\/p>\n<p><strong>Quando assistir<\/strong><\/p>\n<p>\ud83d\uddd3\ufe0f Quinta-feira, 27 de agosto de 2026<br \/>\n\ud83d\udd5b Ao meio-dia (12h)<br \/>\n\ud83d\udcfa Canal da <a href=\"https:\/\/www.youtube.com\/@ELLOTVOF\">ELLO TV<\/a> no YouTube<\/p>\n<p><strong>J\u00e1 se inscreva!<\/strong><\/p>\n<p>Ative o sininho no canal da ELLO TV e acompanhe a estreia de mais um epis\u00f3dio do Causos &amp; Causas.<\/p>\n","protected":false},"excerpt":{"rendered":"<p>DO PAJE\u00da \u00c0 AMAZ\u00d4NIA: Uma hist\u00f3ria de vida, Justi\u00e7a e ra\u00edzes! No epis\u00f3dio desta semana do Causos &amp;<\/p>\n","protected":false},"author":2,"featured_media":6766,"comment_status":"open","ping_status":"open","sticky":false,"template":"","format":"standard","meta":{"footnotes":""},"categories":[1],"tags":[],"class_list":["post-6765","post","type-post","status-publish","format-standard","has-post-thumbnail","hentry","category-ello"],"yoast_head":"<!-- This site is optimized with the Yoast SEO plugin v28.3 - https:\/\/yoast.com\/product\/yoast-seo-wordpress\/ -->\n<title>Causos &amp; Causas: do Paje\u00fa \u00e0 Amaz\u00f4nia, a trajet\u00f3ria de Dr. Valdir Perazzo Leite - Ello TV<\/title>\n<meta name=\"description\" content=\"Causos &amp; Causas recebe Dr. Valdir Perazzo Leite para falar sobre sua trajet\u00f3ria do Paje\u00fa \u00e0 Amaz\u00f4nia, advocacia, Justi\u00e7a e ra\u00edzes.\" \/>\n<meta name=\"robots\" content=\"index, follow, max-snippet:-1, max-image-preview:large, max-video-preview:-1\" \/>\n<link rel=\"canonical\" href=\"https:\/\/ellotv.com.br\/site\/2026\/08\/26\/causos-causas-do-pajeu-a-amazonia-a-trajetoria-de-dr-valdir-perazzo-leite\/\" \/>\n<meta property=\"og:locale\" content=\"pt_BR\" \/>\n<meta property=\"og:type\" content=\"article\" \/>\n<meta property=\"og:title\" content=\"Causos &amp; Causas: do Paje\u00fa \u00e0 Amaz\u00f4nia, a trajet\u00f3ria de Dr. Valdir Perazzo Leite - Ello TV\" \/>\n<meta property=\"og:description\" content=\"Causos &amp; Causas recebe Dr. Valdir Perazzo Leite para falar sobre sua trajet\u00f3ria do Paje\u00fa \u00e0 Amaz\u00f4nia, advocacia, Justi\u00e7a e ra\u00edzes.\" \/>\n<meta property=\"og:url\" content=\"https:\/\/ellotv.com.br\/site\/2026\/08\/26\/causos-causas-do-pajeu-a-amazonia-a-trajetoria-de-dr-valdir-perazzo-leite\/\" \/>\n<meta property=\"og:site_name\" content=\"Ello TV\" \/>\n<meta property=\"article:published_time\" content=\"2026-08-26T19:41:38+00:00\" \/>\n<meta property=\"og:image\" content=\"https:\/\/ellotv.com.br\/site\/wp-content\/uploads\/2026\/08\/WhatsApp-Image-2026-08-26-at-16.35.50-1.jpeg\" \/>\n\t<meta property=\"og:image:width\" content=\"1280\" \/>\n\t<meta property=\"og:image:height\" content=\"1600\" \/>\n\t<meta property=\"og:image:type\" content=\"image\/jpeg\" \/>\n<meta name=\"author\" content=\"ELLO TV\" \/>\n<meta name=\"twitter:card\" content=\"summary_large_image\" \/>\n<meta name=\"twitter:label1\" content=\"Escrito por\" \/>\n\t<meta name=\"twitter:data1\" content=\"ELLO TV\" \/>\n\t<meta name=\"twitter:label2\" content=\"Est. tempo de leitura\" \/>\n\t<meta name=\"twitter:data2\" content=\"2 minutos\" \/>\n<script type=\"application\/ld+json\" class=\"yoast-schema-graph\">{\"@context\":\"https:\\\/\\\/schema.org\",\"@graph\":[{\"@type\":\"Article\",\"@id\":\"https:\\\/\\\/ellotv.com.br\\\/site\\\/2026\\\/08\\\/26\\\/causos-causas-do-pajeu-a-amazonia-a-trajetoria-de-dr-valdir-perazzo-leite\\\/#article\",\"isPartOf\":{\"@id\":\"https:\\\/\\\/ellotv.com.br\\\/site\\\/2026\\\/08\\\/26\\\/causos-causas-do-pajeu-a-amazonia-a-trajetoria-de-dr-valdir-perazzo-leite\\\/\"},\"author\":{\"name\":\"ELLO TV\",\"@id\":\"https:\\\/\\\/ellotv.com.br\\\/site\\\/#\\\/schema\\\/person\\\/2dbe3abaee38dcc7332fc8205cd2b15d\"},\"headline\":\"Causos &#038; Causas: do Paje\u00fa \u00e0 Amaz\u00f4nia, a trajet\u00f3ria de Dr. Valdir Perazzo Leite\",\"datePublished\":\"2026-08-26T19:41:38+00:00\",\"mainEntityOfPage\":{\"@id\":\"https:\\\/\\\/ellotv.com.br\\\/site\\\/2026\\\/08\\\/26\\\/causos-causas-do-pajeu-a-amazonia-a-trajetoria-de-dr-valdir-perazzo-leite\\\/\"},\"wordCount\":316,\"commentCount\":0,\"publisher\":{\"@id\":\"https:\\\/\\\/ellotv.com.br\\\/site\\\/#organization\"},\"image\":{\"@id\":\"https:\\\/\\\/ellotv.com.br\\\/site\\\/2026\\\/08\\\/26\\\/causos-causas-do-pajeu-a-amazonia-a-trajetoria-de-dr-valdir-perazzo-leite\\\/#primaryimage\"},\"thumbnailUrl\":\"https:\\\/\\\/ellotv.com.br\\\/site\\\/wp-content\\\/uploads\\\/2026\\\/08\\\/WhatsApp-Image-2026-08-26-at-16.35.50-1.jpeg\",\"articleSection\":[\"Ello\"],\"inLanguage\":\"pt-BR\",\"potentialAction\":[{\"@type\":\"CommentAction\",\"name\":\"Comment\",\"target\":[\"https:\\\/\\\/ellotv.com.br\\\/site\\\/2026\\\/08\\\/26\\\/causos-causas-do-pajeu-a-amazonia-a-trajetoria-de-dr-valdir-perazzo-leite\\\/#respond\"]}]},{\"@type\":\"WebPage\",\"@id\":\"https:\\\/\\\/ellotv.com.br\\\/site\\\/2026\\\/08\\\/26\\\/causos-causas-do-pajeu-a-amazonia-a-trajetoria-de-dr-valdir-perazzo-leite\\\/\",\"url\":\"https:\\\/\\\/ellotv.com.br\\\/site\\\/2026\\\/08\\\/26\\\/causos-causas-do-pajeu-a-amazonia-a-trajetoria-de-dr-valdir-perazzo-leite\\\/\",\"name\":\"Causos & Causas: do Paje\u00fa \u00e0 Amaz\u00f4nia, a trajet\u00f3ria de Dr. Valdir Perazzo Leite - Ello TV\",\"isPartOf\":{\"@id\":\"https:\\\/\\\/ellotv.com.br\\\/site\\\/#website\"},\"primaryImageOfPage\":{\"@id\":\"https:\\\/\\\/ellotv.com.br\\\/site\\\/2026\\\/08\\\/26\\\/causos-causas-do-pajeu-a-amazonia-a-trajetoria-de-dr-valdir-perazzo-leite\\\/#primaryimage\"},\"image\":{\"@id\":\"https:\\\/\\\/ellotv.com.br\\\/site\\\/2026\\\/08\\\/26\\\/causos-causas-do-pajeu-a-amazonia-a-trajetoria-de-dr-valdir-perazzo-leite\\\/#primaryimage\"},\"thumbnailUrl\":\"https:\\\/\\\/ellotv.com.br\\\/site\\\/wp-content\\\/uploads\\\/2026\\\/08\\\/WhatsApp-Image-2026-08-26-at-16.35.50-1.jpeg\",\"datePublished\":\"2026-08-26T19:41:38+00:00\",\"description\":\"Causos & Causas recebe Dr. Valdir Perazzo Leite para falar sobre sua trajet\u00f3ria do Paje\u00fa \u00e0 Amaz\u00f4nia, advocacia, Justi\u00e7a e ra\u00edzes.\",\"breadcrumb\":{\"@id\":\"https:\\\/\\\/ellotv.com.br\\\/site\\\/2026\\\/08\\\/26\\\/causos-causas-do-pajeu-a-amazonia-a-trajetoria-de-dr-valdir-perazzo-leite\\\/#breadcrumb\"},\"inLanguage\":\"pt-BR\",\"potentialAction\":[{\"@type\":\"ReadAction\",\"target\":[\"https:\\\/\\\/ellotv.com.br\\\/site\\\/2026\\\/08\\\/26\\\/causos-causas-do-pajeu-a-amazonia-a-trajetoria-de-dr-valdir-perazzo-leite\\\/\"]}]},{\"@type\":\"ImageObject\",\"inLanguage\":\"pt-BR\",\"@id\":\"https:\\\/\\\/ellotv.com.br\\\/site\\\/2026\\\/08\\\/26\\\/causos-causas-do-pajeu-a-amazonia-a-trajetoria-de-dr-valdir-perazzo-leite\\\/#primaryimage\",\"url\":\"https:\\\/\\\/ellotv.com.br\\\/site\\\/wp-content\\\/uploads\\\/2026\\\/08\\\/WhatsApp-Image-2026-08-26-at-16.35.50-1.jpeg\",\"contentUrl\":\"https:\\\/\\\/ellotv.com.br\\\/site\\\/wp-content\\\/uploads\\\/2026\\\/08\\\/WhatsApp-Image-2026-08-26-at-16.35.50-1.jpeg\",\"width\":1280,\"height\":1600},{\"@type\":\"BreadcrumbList\",\"@id\":\"https:\\\/\\\/ellotv.com.br\\\/site\\\/2026\\\/08\\\/26\\\/causos-causas-do-pajeu-a-amazonia-a-trajetoria-de-dr-valdir-perazzo-leite\\\/#breadcrumb\",\"itemListElement\":[{\"@type\":\"ListItem\",\"position\":1,\"name\":\"In\u00edcio\",\"item\":\"https:\\\/\\\/ellotv.com.br\\\/site\\\/\"},{\"@type\":\"ListItem\",\"position\":2,\"name\":\"Causos &#038; Causas: do Paje\u00fa \u00e0 Amaz\u00f4nia, a trajet\u00f3ria de Dr. Valdir Perazzo Leite\"}]},{\"@type\":\"WebSite\",\"@id\":\"https:\\\/\\\/ellotv.com.br\\\/site\\\/#website\",\"url\":\"https:\\\/\\\/ellotv.com.br\\\/site\\\/\",\"name\":\"ELLO TV\",\"description\":\"\",\"publisher\":{\"@id\":\"https:\\\/\\\/ellotv.com.br\\\/site\\\/#organization\"},\"potentialAction\":[{\"@type\":\"SearchAction\",\"target\":{\"@type\":\"EntryPoint\",\"urlTemplate\":\"https:\\\/\\\/ellotv.com.br\\\/site\\\/?s={search_term_string}\"},\"query-input\":{\"@type\":\"PropertyValueSpecification\",\"valueRequired\":true,\"valueName\":\"search_term_string\"}}],\"inLanguage\":\"pt-BR\"},{\"@type\":\"Organization\",\"@id\":\"https:\\\/\\\/ellotv.com.br\\\/site\\\/#organization\",\"name\":\"ELLO TV\",\"url\":\"https:\\\/\\\/ellotv.com.br\\\/site\\\/\",\"logo\":{\"@type\":\"ImageObject\",\"inLanguage\":\"pt-BR\",\"@id\":\"https:\\\/\\\/ellotv.com.br\\\/site\\\/#\\\/schema\\\/logo\\\/image\\\/\",\"url\":\"https:\\\/\\\/ellotv.com.br\\\/site\\\/wp-content\\\/uploads\\\/2025\\\/11\\\/ello-logo-2.fw_.png\",\"contentUrl\":\"https:\\\/\\\/ellotv.com.br\\\/site\\\/wp-content\\\/uploads\\\/2025\\\/11\\\/ello-logo-2.fw_.png\",\"width\":400,\"height\":146,\"caption\":\"ELLO TV\"},\"image\":{\"@id\":\"https:\\\/\\\/ellotv.com.br\\\/site\\\/#\\\/schema\\\/logo\\\/image\\\/\"}},{\"@type\":\"Person\",\"@id\":\"https:\\\/\\\/ellotv.com.br\\\/site\\\/#\\\/schema\\\/person\\\/2dbe3abaee38dcc7332fc8205cd2b15d\",\"name\":\"ELLO TV\",\"image\":{\"@type\":\"ImageObject\",\"inLanguage\":\"pt-BR\",\"@id\":\"https:\\\/\\\/secure.gravatar.com\\\/avatar\\\/c38242b9da8ec217ac3f0aaee31a54f7d7befb11b2b47fdbc8fb0fad60afa1c6?s=96&d=mm&r=g\",\"url\":\"https:\\\/\\\/secure.gravatar.com\\\/avatar\\\/c38242b9da8ec217ac3f0aaee31a54f7d7befb11b2b47fdbc8fb0fad60afa1c6?s=96&d=mm&r=g\",\"contentUrl\":\"https:\\\/\\\/secure.gravatar.com\\\/avatar\\\/c38242b9da8ec217ac3f0aaee31a54f7d7befb11b2b47fdbc8fb0fad60afa1c6?s=96&d=mm&r=g\",\"caption\":\"ELLO TV\"},\"url\":\"https:\\\/\\\/ellotv.com.br\\\/site\\\/author\\\/elloagencia\\\/\"}]}<\/script>\n<!-- \/ Yoast SEO plugin. -->","yoast_head_json":{"title":"Causos & Causas: do Paje\u00fa \u00e0 Amaz\u00f4nia, a trajet\u00f3ria de Dr. Valdir Perazzo Leite - Ello TV","description":"Causos & Causas recebe Dr. Valdir Perazzo Leite para falar sobre sua trajet\u00f3ria do Paje\u00fa \u00e0 Amaz\u00f4nia, advocacia, Justi\u00e7a e ra\u00edzes.","robots":{"index":"index","follow":"follow","max-snippet":"max-snippet:-1","max-image-preview":"max-image-preview:large","max-video-preview":"max-video-preview:-1"},"canonical":"https:\/\/ellotv.com.br\/site\/2026\/08\/26\/causos-causas-do-pajeu-a-amazonia-a-trajetoria-de-dr-valdir-perazzo-leite\/","og_locale":"pt_BR","og_type":"article","og_title":"Causos & Causas: do Paje\u00fa \u00e0 Amaz\u00f4nia, a trajet\u00f3ria de Dr. Valdir Perazzo Leite - Ello TV","og_description":"Causos & Causas recebe Dr. Valdir Perazzo Leite para falar sobre sua trajet\u00f3ria do Paje\u00fa \u00e0 Amaz\u00f4nia, advocacia, Justi\u00e7a e ra\u00edzes.","og_url":"https:\/\/ellotv.com.br\/site\/2026\/08\/26\/causos-causas-do-pajeu-a-amazonia-a-trajetoria-de-dr-valdir-perazzo-leite\/","og_site_name":"Ello TV","article_published_time":"2026-08-26T19:41:38+00:00","og_image":[{"width":1280,"height":1600,"url":"https:\/\/ellotv.com.br\/site\/wp-content\/uploads\/2026\/08\/WhatsApp-Image-2026-08-26-at-16.35.50-1.jpeg","type":"image\/jpeg"}],"author":"ELLO TV","twitter_card":"summary_large_image","twitter_misc":{"Escrito por":"ELLO TV","Est. tempo de leitura":"2 minutos"},"schema":{"@context":"https:\/\/schema.org","@graph":[{"@type":"Article","@id":"https:\/\/ellotv.com.br\/site\/2026\/08\/26\/causos-causas-do-pajeu-a-amazonia-a-trajetoria-de-dr-valdir-perazzo-leite\/#article","isPartOf":{"@id":"https:\/\/ellotv.com.br\/site\/2026\/08\/26\/causos-causas-do-pajeu-a-amazonia-a-trajetoria-de-dr-valdir-perazzo-leite\/"},"author":{"name":"ELLO TV","@id":"https:\/\/ellotv.com.br\/site\/#\/schema\/person\/2dbe3abaee38dcc7332fc8205cd2b15d"},"headline":"Causos &#038; Causas: do Paje\u00fa \u00e0 Amaz\u00f4nia, a trajet\u00f3ria de Dr. Valdir Perazzo Leite","datePublished":"2026-08-26T19:41:38+00:00","mainEntityOfPage":{"@id":"https:\/\/ellotv.com.br\/site\/2026\/08\/26\/causos-causas-do-pajeu-a-amazonia-a-trajetoria-de-dr-valdir-perazzo-leite\/"},"wordCount":316,"commentCount":0,"publisher":{"@id":"https:\/\/ellotv.com.br\/site\/#organization"},"image":{"@id":"https:\/\/ellotv.com.br\/site\/2026\/08\/26\/causos-causas-do-pajeu-a-amazonia-a-trajetoria-de-dr-valdir-perazzo-leite\/#primaryimage"},"thumbnailUrl":"https:\/\/ellotv.com.br\/site\/wp-content\/uploads\/2026\/08\/WhatsApp-Image-2026-08-26-at-16.35.50-1.jpeg","articleSection":["Ello"],"inLanguage":"pt-BR","potentialAction":[{"@type":"CommentAction","name":"Comment","target":["https:\/\/ellotv.com.br\/site\/2026\/08\/26\/causos-causas-do-pajeu-a-amazonia-a-trajetoria-de-dr-valdir-perazzo-leite\/#respond"]}]},{"@type":"WebPage","@id":"https:\/\/ellotv.com.br\/site\/2026\/08\/26\/causos-causas-do-pajeu-a-amazonia-a-trajetoria-de-dr-valdir-perazzo-leite\/","url":"https:\/\/ellotv.com.br\/site\/2026\/08\/26\/causos-causas-do-pajeu-a-amazonia-a-trajetoria-de-dr-valdir-perazzo-leite\/","name":"Causos & Causas: do Paje\u00fa \u00e0 Amaz\u00f4nia, a trajet\u00f3ria de Dr. Valdir Perazzo Leite - Ello TV","isPartOf":{"@id":"https:\/\/ellotv.com.br\/site\/#website"},"primaryImageOfPage":{"@id":"https:\/\/ellotv.com.br\/site\/2026\/08\/26\/causos-causas-do-pajeu-a-amazonia-a-trajetoria-de-dr-valdir-perazzo-leite\/#primaryimage"},"image":{"@id":"https:\/\/ellotv.com.br\/site\/2026\/08\/26\/causos-causas-do-pajeu-a-amazonia-a-trajetoria-de-dr-valdir-perazzo-leite\/#primaryimage"},"thumbnailUrl":"https:\/\/ellotv.com.br\/site\/wp-content\/uploads\/2026\/08\/WhatsApp-Image-2026-08-26-at-16.35.50-1.jpeg","datePublished":"2026-08-26T19:41:38+00:00","description":"Causos & Causas recebe Dr. Valdir Perazzo Leite para falar sobre sua trajet\u00f3ria do Paje\u00fa \u00e0 Amaz\u00f4nia, advocacia, Justi\u00e7a e ra\u00edzes.","breadcrumb":{"@id":"https:\/\/ellotv.com.br\/site\/2026\/08\/26\/causos-causas-do-pajeu-a-amazonia-a-trajetoria-de-dr-valdir-perazzo-leite\/#breadcrumb"},"inLanguage":"pt-BR","potentialAction":[{"@type":"ReadAction","target":["https:\/\/ellotv.com.br\/site\/2026\/08\/26\/causos-causas-do-pajeu-a-amazonia-a-trajetoria-de-dr-valdir-perazzo-leite\/"]}]},{"@type":"ImageObject","inLanguage":"pt-BR","@id":"https:\/\/ellotv.com.br\/site\/2026\/08\/26\/causos-causas-do-pajeu-a-amazonia-a-trajetoria-de-dr-valdir-perazzo-leite\/#primaryimage","url":"https:\/\/ellotv.com.br\/site\/wp-content\/uploads\/2026\/08\/WhatsApp-Image-2026-08-26-at-16.35.50-1.jpeg","contentUrl":"https:\/\/ellotv.com.br\/site\/wp-content\/uploads\/2026\/08\/WhatsApp-Image-2026-08-26-at-16.35.50-1.jpeg","width":1280,"height":1600},{"@type":"BreadcrumbList","@id":"https:\/\/ellotv.com.br\/site\/2026\/08\/26\/causos-causas-do-pajeu-a-amazonia-a-trajetoria-de-dr-valdir-perazzo-leite\/#breadcrumb","itemListElement":[{"@type":"ListItem","position":1,"name":"In\u00edcio","item":"https:\/\/ellotv.com.br\/site\/"},{"@type":"ListItem","position":2,"name":"Causos &#038; Causas: do Paje\u00fa \u00e0 Amaz\u00f4nia, a trajet\u00f3ria de Dr. Valdir Perazzo Leite"}]},{"@type":"WebSite","@id":"https:\/\/ellotv.com.br\/site\/#website","url":"https:\/\/ellotv.com.br\/site\/","name":"ELLO TV","description":"","publisher":{"@id":"https:\/\/ellotv.com.br\/site\/#organization"},"potentialAction":[{"@type":"SearchAction","target":{"@type":"EntryPoint","urlTemplate":"https:\/\/ellotv.com.br\/site\/?s={search_term_string}"},"query-input":{"@type":"PropertyValueSpecification","valueRequired":true,"valueName":"search_term_string"}}],"inLanguage":"pt-BR"},{"@type":"Organization","@id":"https:\/\/ellotv.com.br\/site\/#organization","name":"ELLO TV","url":"https:\/\/ellotv.com.br\/site\/","logo":{"@type":"ImageObject","inLanguage":"pt-BR","@id":"https:\/\/ellotv.com.br\/site\/#\/schema\/logo\/image\/","url":"https:\/\/ellotv.com.br\/site\/wp-content\/uploads\/2025\/11\/ello-logo-2.fw_.png","contentUrl":"https:\/\/ellotv.com.br\/site\/wp-content\/uploads\/2025\/11\/ello-logo-2.fw_.png","width":400,"height":146,"caption":"ELLO TV"},"image":{"@id":"https:\/\/ellotv.com.br\/site\/#\/schema\/logo\/image\/"}},{"@type":"Person","@id":"https:\/\/ellotv.com.br\/site\/#\/schema\/person\/2dbe3abaee38dcc7332fc8205cd2b15d","name":"ELLO TV","image":{"@type":"ImageObject","inLanguage":"pt-BR","@id":"https:\/\/secure.gravatar.com\/avatar\/c38242b9da8ec217ac3f0aaee31a54f7d7befb11b2b47fdbc8fb0fad60afa1c6?s=96&d=mm&r=g","url":"https:\/\/secure.gravatar.com\/avatar\/c38242b9da8ec217ac3f0aaee31a54f7d7befb11b2b47fdbc8fb0fad60afa1c6?s=96&d=mm&r=g","contentUrl":"https:\/\/secure.gravatar.com\/avatar\/c38242b9da8ec217ac3f0aaee31a54f7d7befb11b2b47fdbc8fb0fad60afa1c6?s=96&d=mm&r=g","caption":"ELLO TV"},"url":"https:\/\/ellotv.com.br\/site\/author\/elloagencia\/"}]}},"featured_image_urls":{"full":["https:\/\/ellotv.com.br\/site\/wp-content\/uploads\/2026\/08\/WhatsApp-Image-2026-08-26-at-16.35.50-1.jpeg",1280,1600,false],"thumbnail":["https:\/\/ellotv.com.br\/site\/wp-content\/uploads\/2026\/08\/WhatsApp-Image-2026-08-26-at-16.35.50-1-150x150.jpeg",150,150,true],"medium":["https:\/\/ellotv.com.br\/site\/wp-content\/uploads\/2026\/08\/WhatsApp-Image-2026-08-26-at-16.35.50-1-240x300.jpeg",240,300,true],"medium_large":["https:\/\/ellotv.com.br\/site\/wp-content\/uploads\/2026\/08\/WhatsApp-Image-2026-08-26-at-16.35.50-1-768x960.jpeg",640,800,true],"large":["https:\/\/ellotv.com.br\/site\/wp-content\/uploads\/2026\/08\/WhatsApp-Image-2026-08-26-at-16.35.50-1-819x1024.jpeg",640,800,true],"1536x1536":["https:\/\/ellotv.com.br\/site\/wp-content\/uploads\/2026\/08\/WhatsApp-Image-2026-08-26-at-16.35.50-1-1229x1536.jpeg",1229,1536,true],"2048x2048":["https:\/\/ellotv.com.br\/site\/wp-content\/uploads\/2026\/08\/WhatsApp-Image-2026-08-26-at-16.35.50-1.jpeg",1280,1600,false],"darknews-slider-full":["https:\/\/ellotv.com.br\/site\/wp-content\/uploads\/2026\/08\/WhatsApp-Image-2026-08-26-at-16.35.50-1-1280x720.jpeg",1280,720,true],"darknews-featured":["https:\/\/ellotv.com.br\/site\/wp-content\/uploads\/2026\/08\/WhatsApp-Image-2026-08-26-at-16.35.50-1-1024x1280.jpeg",1024,1280,true],"darknews-medium":["https:\/\/ellotv.com.br\/site\/wp-content\/uploads\/2026\/08\/WhatsApp-Image-2026-08-26-at-16.35.50-1-720x530.jpeg",720,530,true],"darknews-medium-square":["https:\/\/ellotv.com.br\/site\/wp-content\/uploads\/2026\/08\/WhatsApp-Image-2026-08-26-at-16.35.50-1-350x350.jpeg",350,350,true]},"author_info":{"info":["ELLO TV"]},"category_info":"<a href=\"https:\/\/ellotv.com.br\/site\/category\/ello\/\" rel=\"category tag\">Ello<\/a>","tag_info":"Ello","comment_count":"0","_links":{"self":[{"href":"https:\/\/ellotv.com.br\/site\/wp-json\/wp\/v2\/posts\/6765","targetHints":{"allow":["GET"]}}],"collection":[{"href":"https:\/\/ellotv.com.br\/site\/wp-json\/wp\/v2\/posts"}],"about":[{"href":"https:\/\/ellotv.com.br\/site\/wp-json\/wp\/v2\/types\/post"}],"author":[{"embeddable":true,"href":"https:\/\/ellotv.com.br\/site\/wp-json\/wp\/v2\/users\/2"}],"replies":[{"embeddable":true,"href":"https:\/\/ellotv.com.br\/site\/wp-json\/wp\/v2\/comments?post=6765"}],"version-history":[{"count":2,"href":"https:\/\/ellotv.com.br\/site\/wp-json\/wp\/v2\/posts\/6765\/revisions"}],"predecessor-version":[{"id":6768,"href":"https:\/\/ellotv.com.br\/site\/wp-json\/wp\/v2\/posts\/6765\/revisions\/6768"}],"wp:featuredmedia":[{"embeddable":true,"href":"https:\/\/ellotv.com.br\/site\/wp-json\/wp\/v2\/media\/6766"}],"wp:attachment":[{"href":"https:\/\/ellotv.com.br\/site\/wp-json\/wp\/v2\/media?parent=6765"}],"wp:term":[{"taxonomy":"category","embeddable":true,"href":"https:\/\/ellotv.com.br\/site\/wp-json\/wp\/v2\/categories?post=6765"},{"taxonomy":"post_tag","embeddable":true,"href":"https:\/\/ellotv.com.br\/site\/wp-json\/wp\/v2\/tags?post=6765"}],"curies":[{"name":"wp","href":"https:\/\/api.w.org\/{rel}","templated":true}]}}