{"id":6769,"date":"2026-08-27T11:50:02","date_gmt":"2026-08-27T14:50:02","guid":{"rendered":"https:\/\/ellotv.com.br\/site\/?p=6769"},"modified":"2026-08-27T11:50:02","modified_gmt":"2026-08-27T14:50:02","slug":"efesta-mostra-os-melhores-momentos-da-festa-de-agosto-2026-em-santa-rosa","status":"publish","type":"post","link":"https:\/\/ellotv.com.br\/site\/2026\/08\/27\/efesta-mostra-os-melhores-momentos-da-festa-de-agosto-2026-em-santa-rosa\/","title":{"rendered":"\u00e9Festa mostra os melhores momentos da Festa de Agosto 2026 em Santa Rosa"},"content":{"rendered":"<p>No epis\u00f3dio #02 do \u00e9Festa, Tiago Guedes e Arnaldo CDs levam o p\u00fablico para acompanhar os melhores momentos da Festa de Agosto 2026, em Santa Rosa, Ingazeira-PE.<\/p>\n<p><strong>Uma festa cheia de tradi\u00e7\u00e3o<\/strong><\/p>\n<p>A cobertura especial mostra tudo o que marcou uma das festas mais tradicionais da regi\u00e3o, reunindo cultura, m\u00fasica e muita anima\u00e7\u00e3o.<\/p>\n<p><strong>Shows e grandes momentos<\/strong><\/p>\n<p>Tiago Guedes e Arnaldo CDs acompanham de perto as atra\u00e7\u00f5es e mostram a energia do p\u00fablico durante a programa\u00e7\u00e3o.<\/p>\n<p><strong>Bastidores da festa<\/strong><\/p>\n<p>Al\u00e9m dos shows, o epis\u00f3dio traz entrevistas, hist\u00f3rias e os bastidores de quem faz parte dessa grande celebra\u00e7\u00e3o.<\/p>\n<p><strong>Cultura que re\u00fane gera\u00e7\u00f5es<\/strong><\/p>\n<p>A Festa de Agosto \u00e9 um momento de encontro, tradi\u00e7\u00e3o e celebra\u00e7\u00e3o, fortalecendo a cultura e a identidade da regi\u00e3o.<\/p>\n<p><strong>Quando assistir<\/strong><\/p>\n<p>\ud83d\uddd3\ufe0f Domingo, 30 de agosto<br \/>\n\ud83d\udd55 \u00c0s 18h<br \/>\n\ud83d\udcfa Assista na ELLO TV!<\/p>\n<p><strong>\u00c9 festa, \u00e9 cultura, \u00e9 ELLO TV!<\/strong><\/p>\n<p>Acompanhe mais uma cobertura especial e reviva os melhores momentos da Festa de Agosto 2026.<\/p>\n","protected":false},"excerpt":{"rendered":"<p>No epis\u00f3dio #02 do \u00e9Festa, Tiago Guedes e Arnaldo CDs levam o p\u00fablico para acompanhar os melhores momentos<\/p>\n","protected":false},"author":2,"featured_media":6770,"comment_status":"open","ping_status":"open","sticky":false,"template":"","format":"standard","meta":{"footnotes":""},"categories":[1],"tags":[],"class_list":["post-6769","post","type-post","status-publish","format-standard","has-post-thumbnail","hentry","category-ello"],"yoast_head":"<!-- This site is optimized with the Yoast SEO plugin v28.3 - https:\/\/yoast.com\/product\/yoast-seo-wordpress\/ -->\n<title>\u00e9Festa mostra os melhores momentos da Festa de Agosto 2026 em Santa Rosa - Ello TV<\/title>\n<meta name=\"description\" content=\"\u00c9Festa acompanha os melhores momentos da Festa de Agosto 2026, em Santa Rosa, com shows, bastidores, cultura e muita anima\u00e7\u00e3o.\" \/>\n<meta name=\"robots\" content=\"index, follow, max-snippet:-1, max-image-preview:large, max-video-preview:-1\" \/>\n<link rel=\"canonical\" href=\"https:\/\/ellotv.com.br\/site\/2026\/08\/27\/efesta-mostra-os-melhores-momentos-da-festa-de-agosto-2026-em-santa-rosa\/\" \/>\n<meta property=\"og:locale\" content=\"pt_BR\" \/>\n<meta property=\"og:type\" content=\"article\" \/>\n<meta property=\"og:title\" content=\"\u00e9Festa mostra os melhores momentos da Festa de Agosto 2026 em Santa Rosa - Ello TV\" \/>\n<meta property=\"og:description\" content=\"\u00c9Festa acompanha os melhores momentos da Festa de Agosto 2026, em Santa Rosa, com shows, bastidores, cultura e muita anima\u00e7\u00e3o.\" \/>\n<meta property=\"og:url\" content=\"https:\/\/ellotv.com.br\/site\/2026\/08\/27\/efesta-mostra-os-melhores-momentos-da-festa-de-agosto-2026-em-santa-rosa\/\" \/>\n<meta property=\"og:site_name\" content=\"Ello TV\" \/>\n<meta property=\"article:published_time\" content=\"2026-08-27T14:50:02+00:00\" \/>\n<meta property=\"og:image\" content=\"https:\/\/ellotv.com.br\/site\/wp-content\/uploads\/2026\/08\/WhatsApp-Image-2026-08-27-at-11.07.25.jpeg\" \/>\n\t<meta property=\"og:image:width\" content=\"1080\" \/>\n\t<meta property=\"og:image:height\" content=\"1350\" \/>\n\t<meta property=\"og:image:type\" content=\"image\/jpeg\" \/>\n<meta name=\"author\" content=\"ELLO TV\" \/>\n<meta name=\"twitter:card\" content=\"summary_large_image\" \/>\n<meta name=\"twitter:label1\" content=\"Escrito por\" \/>\n\t<meta name=\"twitter:data1\" content=\"ELLO TV\" \/>\n\t<meta name=\"twitter:label2\" content=\"Est. tempo de leitura\" \/>\n\t<meta name=\"twitter:data2\" content=\"1 minuto\" \/>\n<script type=\"application\/ld+json\" class=\"yoast-schema-graph\">{\"@context\":\"https:\\\/\\\/schema.org\",\"@graph\":[{\"@type\":\"Article\",\"@id\":\"https:\\\/\\\/ellotv.com.br\\\/site\\\/2026\\\/08\\\/27\\\/efesta-mostra-os-melhores-momentos-da-festa-de-agosto-2026-em-santa-rosa\\\/#article\",\"isPartOf\":{\"@id\":\"https:\\\/\\\/ellotv.com.br\\\/site\\\/2026\\\/08\\\/27\\\/efesta-mostra-os-melhores-momentos-da-festa-de-agosto-2026-em-santa-rosa\\\/\"},\"author\":{\"name\":\"ELLO TV\",\"@id\":\"https:\\\/\\\/ellotv.com.br\\\/site\\\/#\\\/schema\\\/person\\\/2dbe3abaee38dcc7332fc8205cd2b15d\"},\"headline\":\"\u00e9Festa mostra os melhores momentos da Festa de Agosto 2026 em Santa Rosa\",\"datePublished\":\"2026-08-27T14:50:02+00:00\",\"mainEntityOfPage\":{\"@id\":\"https:\\\/\\\/ellotv.com.br\\\/site\\\/2026\\\/08\\\/27\\\/efesta-mostra-os-melhores-momentos-da-festa-de-agosto-2026-em-santa-rosa\\\/\"},\"wordCount\":177,\"commentCount\":0,\"publisher\":{\"@id\":\"https:\\\/\\\/ellotv.com.br\\\/site\\\/#organization\"},\"image\":{\"@id\":\"https:\\\/\\\/ellotv.com.br\\\/site\\\/2026\\\/08\\\/27\\\/efesta-mostra-os-melhores-momentos-da-festa-de-agosto-2026-em-santa-rosa\\\/#primaryimage\"},\"thumbnailUrl\":\"https:\\\/\\\/ellotv.com.br\\\/site\\\/wp-content\\\/uploads\\\/2026\\\/08\\\/WhatsApp-Image-2026-08-27-at-11.07.25.jpeg\",\"articleSection\":[\"Ello\"],\"inLanguage\":\"pt-BR\",\"potentialAction\":[{\"@type\":\"CommentAction\",\"name\":\"Comment\",\"target\":[\"https:\\\/\\\/ellotv.com.br\\\/site\\\/2026\\\/08\\\/27\\\/efesta-mostra-os-melhores-momentos-da-festa-de-agosto-2026-em-santa-rosa\\\/#respond\"]}]},{\"@type\":\"WebPage\",\"@id\":\"https:\\\/\\\/ellotv.com.br\\\/site\\\/2026\\\/08\\\/27\\\/efesta-mostra-os-melhores-momentos-da-festa-de-agosto-2026-em-santa-rosa\\\/\",\"url\":\"https:\\\/\\\/ellotv.com.br\\\/site\\\/2026\\\/08\\\/27\\\/efesta-mostra-os-melhores-momentos-da-festa-de-agosto-2026-em-santa-rosa\\\/\",\"name\":\"\u00e9Festa mostra os melhores momentos da Festa de Agosto 2026 em Santa Rosa - Ello TV\",\"isPartOf\":{\"@id\":\"https:\\\/\\\/ellotv.com.br\\\/site\\\/#website\"},\"primaryImageOfPage\":{\"@id\":\"https:\\\/\\\/ellotv.com.br\\\/site\\\/2026\\\/08\\\/27\\\/efesta-mostra-os-melhores-momentos-da-festa-de-agosto-2026-em-santa-rosa\\\/#primaryimage\"},\"image\":{\"@id\":\"https:\\\/\\\/ellotv.com.br\\\/site\\\/2026\\\/08\\\/27\\\/efesta-mostra-os-melhores-momentos-da-festa-de-agosto-2026-em-santa-rosa\\\/#primaryimage\"},\"thumbnailUrl\":\"https:\\\/\\\/ellotv.com.br\\\/site\\\/wp-content\\\/uploads\\\/2026\\\/08\\\/WhatsApp-Image-2026-08-27-at-11.07.25.jpeg\",\"datePublished\":\"2026-08-27T14:50:02+00:00\",\"description\":\"\u00c9Festa acompanha os melhores momentos da Festa de Agosto 2026, em Santa Rosa, com shows, bastidores, cultura e muita anima\u00e7\u00e3o.\",\"breadcrumb\":{\"@id\":\"https:\\\/\\\/ellotv.com.br\\\/site\\\/2026\\\/08\\\/27\\\/efesta-mostra-os-melhores-momentos-da-festa-de-agosto-2026-em-santa-rosa\\\/#breadcrumb\"},\"inLanguage\":\"pt-BR\",\"potentialAction\":[{\"@type\":\"ReadAction\",\"target\":[\"https:\\\/\\\/ellotv.com.br\\\/site\\\/2026\\\/08\\\/27\\\/efesta-mostra-os-melhores-momentos-da-festa-de-agosto-2026-em-santa-rosa\\\/\"]}]},{\"@type\":\"ImageObject\",\"inLanguage\":\"pt-BR\",\"@id\":\"https:\\\/\\\/ellotv.com.br\\\/site\\\/2026\\\/08\\\/27\\\/efesta-mostra-os-melhores-momentos-da-festa-de-agosto-2026-em-santa-rosa\\\/#primaryimage\",\"url\":\"https:\\\/\\\/ellotv.com.br\\\/site\\\/wp-content\\\/uploads\\\/2026\\\/08\\\/WhatsApp-Image-2026-08-27-at-11.07.25.jpeg\",\"contentUrl\":\"https:\\\/\\\/ellotv.com.br\\\/site\\\/wp-content\\\/uploads\\\/2026\\\/08\\\/WhatsApp-Image-2026-08-27-at-11.07.25.jpeg\",\"width\":1080,\"height\":1350},{\"@type\":\"BreadcrumbList\",\"@id\":\"https:\\\/\\\/ellotv.com.br\\\/site\\\/2026\\\/08\\\/27\\\/efesta-mostra-os-melhores-momentos-da-festa-de-agosto-2026-em-santa-rosa\\\/#breadcrumb\",\"itemListElement\":[{\"@type\":\"ListItem\",\"position\":1,\"name\":\"In\u00edcio\",\"item\":\"https:\\\/\\\/ellotv.com.br\\\/site\\\/\"},{\"@type\":\"ListItem\",\"position\":2,\"name\":\"\u00e9Festa mostra os melhores momentos da Festa de Agosto 2026 em Santa Rosa\"}]},{\"@type\":\"WebSite\",\"@id\":\"https:\\\/\\\/ellotv.com.br\\\/site\\\/#website\",\"url\":\"https:\\\/\\\/ellotv.com.br\\\/site\\\/\",\"name\":\"ELLO TV\",\"description\":\"\",\"publisher\":{\"@id\":\"https:\\\/\\\/ellotv.com.br\\\/site\\\/#organization\"},\"potentialAction\":[{\"@type\":\"SearchAction\",\"target\":{\"@type\":\"EntryPoint\",\"urlTemplate\":\"https:\\\/\\\/ellotv.com.br\\\/site\\\/?s={search_term_string}\"},\"query-input\":{\"@type\":\"PropertyValueSpecification\",\"valueRequired\":true,\"valueName\":\"search_term_string\"}}],\"inLanguage\":\"pt-BR\"},{\"@type\":\"Organization\",\"@id\":\"https:\\\/\\\/ellotv.com.br\\\/site\\\/#organization\",\"name\":\"ELLO TV\",\"url\":\"https:\\\/\\\/ellotv.com.br\\\/site\\\/\",\"logo\":{\"@type\":\"ImageObject\",\"inLanguage\":\"pt-BR\",\"@id\":\"https:\\\/\\\/ellotv.com.br\\\/site\\\/#\\\/schema\\\/logo\\\/image\\\/\",\"url\":\"https:\\\/\\\/ellotv.com.br\\\/site\\\/wp-content\\\/uploads\\\/2025\\\/11\\\/ello-logo-2.fw_.png\",\"contentUrl\":\"https:\\\/\\\/ellotv.com.br\\\/site\\\/wp-content\\\/uploads\\\/2025\\\/11\\\/ello-logo-2.fw_.png\",\"width\":400,\"height\":146,\"caption\":\"ELLO TV\"},\"image\":{\"@id\":\"https:\\\/\\\/ellotv.com.br\\\/site\\\/#\\\/schema\\\/logo\\\/image\\\/\"}},{\"@type\":\"Person\",\"@id\":\"https:\\\/\\\/ellotv.com.br\\\/site\\\/#\\\/schema\\\/person\\\/2dbe3abaee38dcc7332fc8205cd2b15d\",\"name\":\"ELLO TV\",\"image\":{\"@type\":\"ImageObject\",\"inLanguage\":\"pt-BR\",\"@id\":\"https:\\\/\\\/secure.gravatar.com\\\/avatar\\\/c38242b9da8ec217ac3f0aaee31a54f7d7befb11b2b47fdbc8fb0fad60afa1c6?s=96&d=mm&r=g\",\"url\":\"https:\\\/\\\/secure.gravatar.com\\\/avatar\\\/c38242b9da8ec217ac3f0aaee31a54f7d7befb11b2b47fdbc8fb0fad60afa1c6?s=96&d=mm&r=g\",\"contentUrl\":\"https:\\\/\\\/secure.gravatar.com\\\/avatar\\\/c38242b9da8ec217ac3f0aaee31a54f7d7befb11b2b47fdbc8fb0fad60afa1c6?s=96&d=mm&r=g\",\"caption\":\"ELLO TV\"},\"url\":\"https:\\\/\\\/ellotv.com.br\\\/site\\\/author\\\/elloagencia\\\/\"}]}<\/script>\n<!-- \/ Yoast SEO plugin. -->","yoast_head_json":{"title":"\u00e9Festa mostra os melhores momentos da Festa de Agosto 2026 em Santa Rosa - Ello TV","description":"\u00c9Festa acompanha os melhores momentos da Festa de Agosto 2026, em Santa Rosa, com shows, bastidores, cultura e muita anima\u00e7\u00e3o.","robots":{"index":"index","follow":"follow","max-snippet":"max-snippet:-1","max-image-preview":"max-image-preview:large","max-video-preview":"max-video-preview:-1"},"canonical":"https:\/\/ellotv.com.br\/site\/2026\/08\/27\/efesta-mostra-os-melhores-momentos-da-festa-de-agosto-2026-em-santa-rosa\/","og_locale":"pt_BR","og_type":"article","og_title":"\u00e9Festa mostra os melhores momentos da Festa de Agosto 2026 em Santa Rosa - Ello TV","og_description":"\u00c9Festa acompanha os melhores momentos da Festa de Agosto 2026, em Santa Rosa, com shows, bastidores, cultura e muita anima\u00e7\u00e3o.","og_url":"https:\/\/ellotv.com.br\/site\/2026\/08\/27\/efesta-mostra-os-melhores-momentos-da-festa-de-agosto-2026-em-santa-rosa\/","og_site_name":"Ello TV","article_published_time":"2026-08-27T14:50:02+00:00","og_image":[{"width":1080,"height":1350,"url":"https:\/\/ellotv.com.br\/site\/wp-content\/uploads\/2026\/08\/WhatsApp-Image-2026-08-27-at-11.07.25.jpeg","type":"image\/jpeg"}],"author":"ELLO TV","twitter_card":"summary_large_image","twitter_misc":{"Escrito por":"ELLO TV","Est. tempo de leitura":"1 minuto"},"schema":{"@context":"https:\/\/schema.org","@graph":[{"@type":"Article","@id":"https:\/\/ellotv.com.br\/site\/2026\/08\/27\/efesta-mostra-os-melhores-momentos-da-festa-de-agosto-2026-em-santa-rosa\/#article","isPartOf":{"@id":"https:\/\/ellotv.com.br\/site\/2026\/08\/27\/efesta-mostra-os-melhores-momentos-da-festa-de-agosto-2026-em-santa-rosa\/"},"author":{"name":"ELLO TV","@id":"https:\/\/ellotv.com.br\/site\/#\/schema\/person\/2dbe3abaee38dcc7332fc8205cd2b15d"},"headline":"\u00e9Festa mostra os melhores momentos da Festa de Agosto 2026 em Santa Rosa","datePublished":"2026-08-27T14:50:02+00:00","mainEntityOfPage":{"@id":"https:\/\/ellotv.com.br\/site\/2026\/08\/27\/efesta-mostra-os-melhores-momentos-da-festa-de-agosto-2026-em-santa-rosa\/"},"wordCount":177,"commentCount":0,"publisher":{"@id":"https:\/\/ellotv.com.br\/site\/#organization"},"image":{"@id":"https:\/\/ellotv.com.br\/site\/2026\/08\/27\/efesta-mostra-os-melhores-momentos-da-festa-de-agosto-2026-em-santa-rosa\/#primaryimage"},"thumbnailUrl":"https:\/\/ellotv.com.br\/site\/wp-content\/uploads\/2026\/08\/WhatsApp-Image-2026-08-27-at-11.07.25.jpeg","articleSection":["Ello"],"inLanguage":"pt-BR","potentialAction":[{"@type":"CommentAction","name":"Comment","target":["https:\/\/ellotv.com.br\/site\/2026\/08\/27\/efesta-mostra-os-melhores-momentos-da-festa-de-agosto-2026-em-santa-rosa\/#respond"]}]},{"@type":"WebPage","@id":"https:\/\/ellotv.com.br\/site\/2026\/08\/27\/efesta-mostra-os-melhores-momentos-da-festa-de-agosto-2026-em-santa-rosa\/","url":"https:\/\/ellotv.com.br\/site\/2026\/08\/27\/efesta-mostra-os-melhores-momentos-da-festa-de-agosto-2026-em-santa-rosa\/","name":"\u00e9Festa mostra os melhores momentos da Festa de Agosto 2026 em Santa Rosa - Ello TV","isPartOf":{"@id":"https:\/\/ellotv.com.br\/site\/#website"},"primaryImageOfPage":{"@id":"https:\/\/ellotv.com.br\/site\/2026\/08\/27\/efesta-mostra-os-melhores-momentos-da-festa-de-agosto-2026-em-santa-rosa\/#primaryimage"},"image":{"@id":"https:\/\/ellotv.com.br\/site\/2026\/08\/27\/efesta-mostra-os-melhores-momentos-da-festa-de-agosto-2026-em-santa-rosa\/#primaryimage"},"thumbnailUrl":"https:\/\/ellotv.com.br\/site\/wp-content\/uploads\/2026\/08\/WhatsApp-Image-2026-08-27-at-11.07.25.jpeg","datePublished":"2026-08-27T14:50:02+00:00","description":"\u00c9Festa acompanha os melhores momentos da Festa de Agosto 2026, em Santa Rosa, com shows, bastidores, cultura e muita anima\u00e7\u00e3o.","breadcrumb":{"@id":"https:\/\/ellotv.com.br\/site\/2026\/08\/27\/efesta-mostra-os-melhores-momentos-da-festa-de-agosto-2026-em-santa-rosa\/#breadcrumb"},"inLanguage":"pt-BR","potentialAction":[{"@type":"ReadAction","target":["https:\/\/ellotv.com.br\/site\/2026\/08\/27\/efesta-mostra-os-melhores-momentos-da-festa-de-agosto-2026-em-santa-rosa\/"]}]},{"@type":"ImageObject","inLanguage":"pt-BR","@id":"https:\/\/ellotv.com.br\/site\/2026\/08\/27\/efesta-mostra-os-melhores-momentos-da-festa-de-agosto-2026-em-santa-rosa\/#primaryimage","url":"https:\/\/ellotv.com.br\/site\/wp-content\/uploads\/2026\/08\/WhatsApp-Image-2026-08-27-at-11.07.25.jpeg","contentUrl":"https:\/\/ellotv.com.br\/site\/wp-content\/uploads\/2026\/08\/WhatsApp-Image-2026-08-27-at-11.07.25.jpeg","width":1080,"height":1350},{"@type":"BreadcrumbList","@id":"https:\/\/ellotv.com.br\/site\/2026\/08\/27\/efesta-mostra-os-melhores-momentos-da-festa-de-agosto-2026-em-santa-rosa\/#breadcrumb","itemListElement":[{"@type":"ListItem","position":1,"name":"In\u00edcio","item":"https:\/\/ellotv.com.br\/site\/"},{"@type":"ListItem","position":2,"name":"\u00e9Festa mostra os melhores momentos da Festa de Agosto 2026 em Santa Rosa"}]},{"@type":"WebSite","@id":"https:\/\/ellotv.com.br\/site\/#website","url":"https:\/\/ellotv.com.br\/site\/","name":"ELLO TV","description":"","publisher":{"@id":"https:\/\/ellotv.com.br\/site\/#organization"},"potentialAction":[{"@type":"SearchAction","target":{"@type":"EntryPoint","urlTemplate":"https:\/\/ellotv.com.br\/site\/?s={search_term_string}"},"query-input":{"@type":"PropertyValueSpecification","valueRequired":true,"valueName":"search_term_string"}}],"inLanguage":"pt-BR"},{"@type":"Organization","@id":"https:\/\/ellotv.com.br\/site\/#organization","name":"ELLO TV","url":"https:\/\/ellotv.com.br\/site\/","logo":{"@type":"ImageObject","inLanguage":"pt-BR","@id":"https:\/\/ellotv.com.br\/site\/#\/schema\/logo\/image\/","url":"https:\/\/ellotv.com.br\/site\/wp-content\/uploads\/2025\/11\/ello-logo-2.fw_.png","contentUrl":"https:\/\/ellotv.com.br\/site\/wp-content\/uploads\/2025\/11\/ello-logo-2.fw_.png","width":400,"height":146,"caption":"ELLO TV"},"image":{"@id":"https:\/\/ellotv.com.br\/site\/#\/schema\/logo\/image\/"}},{"@type":"Person","@id":"https:\/\/ellotv.com.br\/site\/#\/schema\/person\/2dbe3abaee38dcc7332fc8205cd2b15d","name":"ELLO TV","image":{"@type":"ImageObject","inLanguage":"pt-BR","@id":"https:\/\/secure.gravatar.com\/avatar\/c38242b9da8ec217ac3f0aaee31a54f7d7befb11b2b47fdbc8fb0fad60afa1c6?s=96&d=mm&r=g","url":"https:\/\/secure.gravatar.com\/avatar\/c38242b9da8ec217ac3f0aaee31a54f7d7befb11b2b47fdbc8fb0fad60afa1c6?s=96&d=mm&r=g","contentUrl":"https:\/\/secure.gravatar.com\/avatar\/c38242b9da8ec217ac3f0aaee31a54f7d7befb11b2b47fdbc8fb0fad60afa1c6?s=96&d=mm&r=g","caption":"ELLO TV"},"url":"https:\/\/ellotv.com.br\/site\/author\/elloagencia\/"}]}},"featured_image_urls":{"full":["https:\/\/ellotv.com.br\/site\/wp-content\/uploads\/2026\/08\/WhatsApp-Image-2026-08-27-at-11.07.25.jpeg",1080,1350,false],"thumbnail":["https:\/\/ellotv.com.br\/site\/wp-content\/uploads\/2026\/08\/WhatsApp-Image-2026-08-27-at-11.07.25-150x150.jpeg",150,150,true],"medium":["https:\/\/ellotv.com.br\/site\/wp-content\/uploads\/2026\/08\/WhatsApp-Image-2026-08-27-at-11.07.25-240x300.jpeg",240,300,true],"medium_large":["https:\/\/ellotv.com.br\/site\/wp-content\/uploads\/2026\/08\/WhatsApp-Image-2026-08-27-at-11.07.25-768x960.jpeg",640,800,true],"large":["https:\/\/ellotv.com.br\/site\/wp-content\/uploads\/2026\/08\/WhatsApp-Image-2026-08-27-at-11.07.25-819x1024.jpeg",640,800,true],"1536x1536":["https:\/\/ellotv.com.br\/site\/wp-content\/uploads\/2026\/08\/WhatsApp-Image-2026-08-27-at-11.07.25.jpeg",1080,1350,false],"2048x2048":["https:\/\/ellotv.com.br\/site\/wp-content\/uploads\/2026\/08\/WhatsApp-Image-2026-08-27-at-11.07.25.jpeg",1080,1350,false],"darknews-slider-full":["https:\/\/ellotv.com.br\/site\/wp-content\/uploads\/2026\/08\/WhatsApp-Image-2026-08-27-at-11.07.25-1080x720.jpeg",1080,720,true],"darknews-featured":["https:\/\/ellotv.com.br\/site\/wp-content\/uploads\/2026\/08\/WhatsApp-Image-2026-08-27-at-11.07.25-1024x1280.jpeg",1024,1280,true],"darknews-medium":["https:\/\/ellotv.com.br\/site\/wp-content\/uploads\/2026\/08\/WhatsApp-Image-2026-08-27-at-11.07.25-720x530.jpeg",720,530,true],"darknews-medium-square":["https:\/\/ellotv.com.br\/site\/wp-content\/uploads\/2026\/08\/WhatsApp-Image-2026-08-27-at-11.07.25-350x350.jpeg",350,350,true]},"author_info":{"info":["ELLO TV"]},"category_info":"<a href=\"https:\/\/ellotv.com.br\/site\/category\/ello\/\" rel=\"category tag\">Ello<\/a>","tag_info":"Ello","comment_count":"0","_links":{"self":[{"href":"https:\/\/ellotv.com.br\/site\/wp-json\/wp\/v2\/posts\/6769","targetHints":{"allow":["GET"]}}],"collection":[{"href":"https:\/\/ellotv.com.br\/site\/wp-json\/wp\/v2\/posts"}],"about":[{"href":"https:\/\/ellotv.com.br\/site\/wp-json\/wp\/v2\/types\/post"}],"author":[{"embeddable":true,"href":"https:\/\/ellotv.com.br\/site\/wp-json\/wp\/v2\/users\/2"}],"replies":[{"embeddable":true,"href":"https:\/\/ellotv.com.br\/site\/wp-json\/wp\/v2\/comments?post=6769"}],"version-history":[{"count":1,"href":"https:\/\/ellotv.com.br\/site\/wp-json\/wp\/v2\/posts\/6769\/revisions"}],"predecessor-version":[{"id":6771,"href":"https:\/\/ellotv.com.br\/site\/wp-json\/wp\/v2\/posts\/6769\/revisions\/6771"}],"wp:featuredmedia":[{"embeddable":true,"href":"https:\/\/ellotv.com.br\/site\/wp-json\/wp\/v2\/media\/6770"}],"wp:attachment":[{"href":"https:\/\/ellotv.com.br\/site\/wp-json\/wp\/v2\/media?parent=6769"}],"wp:term":[{"taxonomy":"category","embeddable":true,"href":"https:\/\/ellotv.com.br\/site\/wp-json\/wp\/v2\/categories?post=6769"},{"taxonomy":"post_tag","embeddable":true,"href":"https:\/\/ellotv.com.br\/site\/wp-json\/wp\/v2\/tags?post=6769"}],"curies":[{"name":"wp","href":"https:\/\/api.w.org\/{rel}","templated":true}]}}